{"id":18809,"date":"2016-03-21T00:20:31","date_gmt":"2016-03-21T03:20:31","guid":{"rendered":"http:\/\/www.sincomam.org.br\/?p=18809"},"modified":"2016-03-20T21:57:52","modified_gmt":"2016-03-21T00:57:52","slug":"vale-ameaca-cortar-50-da-producao-em-minas","status":"publish","type":"post","link":"https:\/\/www.sincomam.org.br\/index.php\/vale-ameaca-cortar-50-da-producao-em-minas\/","title":{"rendered":"Vale amea\u00e7a cortar 50% da produ\u00e7\u00e3o em Minas"},"content":{"rendered":"<p>Quatro meses ap\u00f3s o rompimento da barragem da Samarco\u00a0ter posto em xeque o processo de licenciamento ambiental da minera\u00e7\u00e3o, a\u00a0Vale\u00a0afirma que poder\u00e1 reduzir \u00e0 metade sua produ\u00e7\u00e3o de min\u00e9rio de ferro em Minas Gerais caso n\u00e3o obtenha licen\u00e7as para alguns projetos.\u00a0<\/p>\n<p>O mais urgente \u00e9 justamente uma barragem que atenderia Brucutu, segunda maior mina de min\u00e9rio do Pa\u00eds, atr\u00e1s apenas de Caraj\u00e1s (PA).<\/p>\n<p>A mineradora tem hoje 88 projetos em an\u00e1lise pelas autoridades ambientais. Sem as licen\u00e7as, nos pr\u00f3ximos tr\u00eas anos a companhia prev\u00ea reduzir o patamar de produ\u00e7\u00e3o no Estado das atuais 200 milh\u00f5es de toneladas para 100 milh\u00f5es de toneladas anuais.\u00a0<\/p>\n<p>O corte na produ\u00e7\u00e3o pode ter in\u00edcio nos pr\u00f3ximos meses, caso n\u00e3o seja aprovado o pedido de licenciamento da Barragem Norte para dep\u00f3sito de rejeitos da Mina de Brucutu, em S\u00e3o Gon\u00e7alo do Rio Abaixo.<\/p>\n<p>&#8220;Apenas a paralisa\u00e7\u00e3o de Brucutu, a maior mina da Vale no Estado, corresponderia a uma perda equivalente a 1,3% do PIB de Minas Gerais&#8221;, destacou a companhia em nota encaminhada por sua assessoria de imprensa.\u00a0<\/p>\n<p>O alerta foi feito na ter\u00e7a-feira por representantes da mineradora, em audi\u00eancia p\u00fablica convocada pela Comiss\u00e3o de Minas e Energia da Assembleia Legislativa de Minas Gerais sobre a atua\u00e7\u00e3o da empresa.<\/p>\n<p>Apesar do cen\u00e1rio negativo de pre\u00e7os do min\u00e9rio, a Vale afirma ter &#8220;firme interesse de manter os n\u00edveis de produ\u00e7\u00e3o atuais e, com isto, tentar garantir os milhares de empregos diretos e indiretos, assim como as receitas p\u00fablicas geradas por suas opera\u00e7\u00f5es&#8221;.\u00a0<\/p>\n<p>A empresa diz que buscar\u00e1 alternativas para preservar sua participa\u00e7\u00e3o de mercado e continuar\u00e1 trabalhando junto \u00e0s autoridades para obter maior celeridade nos processos de licenciamento.<\/p>\n<p>Os requerimentos de licen\u00e7as \u00e0 Secretaria de Estado de Meio Ambiente e Desenvolvimento Sustent\u00e1vel (Semad) incluem pelo menos outras tr\u00eas barragens de rejeitos &#8211; Maravilhas II, Maravilhas III e Itabiru\u00e7u &#8211; e tamb\u00e9m a libera\u00e7\u00e3o de cavas para a disposi\u00e7\u00e3o de rejeitos das minas de Cau\u00ea e de Alegria, a mesma que a Samarco tenta liberar como alternativa ao uso de barragens e para viabilizar a retomada da opera\u00e7\u00e3o.<\/p>\n<p>Sobre a licen\u00e7a de opera\u00e7\u00e3o da Barragem Norte Brucutu, a Semad diz que o processo aguarda a anu\u00eancia do Ibama. Depois disso ter\u00e1 a autoriza\u00e7\u00e3o provis\u00f3ria de opera\u00e7\u00e3o.\u00a0<\/p>\n<p>A secretaria garante que os outros processos de licenciamento da Vale est\u00e3o com a an\u00e1lise em dia e n\u00e3o dever\u00e3o prejudicar suas opera\u00e7\u00f5es.\u00a0<\/p>\n<p>O subsecret\u00e1rio de gest\u00e3o e regulariza\u00e7\u00e3o ambiental, Geraldo de Abreu, nega a ado\u00e7\u00e3o de maior rigor ap\u00f3s o desastre ambiental da Samarco.<\/p>\n<p>Abreu disse que v\u00ea legitimidade na demanda da Vale, uma vez que a companhia tem de cumprir compromissos, mas que n\u00e3o passar\u00e1 por cima de procedimentos.<\/p>\n<p>&#8220;Gostaria que tiv\u00e9ssemos uma capacidade de resposta com mais folga. O que n\u00e3o podemos \u00e9 em nome de uma press\u00e3o desconsiderar procedimentos absolutamente necess\u00e1rios&#8221;, disse.<\/p>\n<p>A trag\u00e9dia ambiental em Mariana revelou o paradoxo de Minas Gerais. Ao mesmo tempo em que precisa combater os riscos da minera\u00e7\u00e3o, o Estado tem uma economia fortemente atrelada \u00e0 atividade: 7,5% do Produto Interno Bruto (PIB) v\u00eam da ind\u00fastria extrativa mineral, segundo o \u00faltimo dado divulgado pelo Instituto Brasileiro de Geografia e Estat\u00edstica (IBGE), referente a 2013. S\u00f3 Mariana tem 80% de sua arrecada\u00e7\u00e3o advinda da atividade mineradora.<\/p>\n<p>Para Abreu, a Vale quer apenas garantir as licen\u00e7as, diante do cen\u00e1rio de baixa dos pre\u00e7os do min\u00e9rio de ferro.\u00a0<\/p>\n<p>&#8220;Se voc\u00ea tem um carro que valia R$ 150 e cai para R$ 50 voc\u00ea venderia ou esperaria o pre\u00e7o se recuperar? O custo de produ\u00e7\u00e3o hoje est\u00e1 muito pr\u00f3ximo ao pre\u00e7o&#8221;, disse o subsecret\u00e1rio. <\/p>\n<p>Fonte: Jornal O Estado de S. Paulo.<\/p>\n","protected":false},"excerpt":{"rendered":"<p>Quatro meses ap\u00f3s o rompimento da barragem da Samarco\u00a0ter posto em xeque o processo de licenciamento ambiental da minera\u00e7\u00e3o, a\u00a0Vale\u00a0afirma que poder\u00e1 reduzir \u00e0 metade&#8230;<\/p>\n","protected":false},"author":1182,"featured_media":18013,"comment_status":"closed","ping_status":"closed","sticky":false,"template":"","format":"standard","meta":{"footnotes":""},"categories":[6],"tags":[],"class_list":["post-18809","post","type-post","status-publish","format-standard","has-post-thumbnail","hentry","category-noticias"],"_links":{"self":[{"href":"https:\/\/www.sincomam.org.br\/index.php\/wp-json\/wp\/v2\/posts\/18809","targetHints":{"allow":["GET"]}}],"collection":[{"href":"https:\/\/www.sincomam.org.br\/index.php\/wp-json\/wp\/v2\/posts"}],"about":[{"href":"https:\/\/www.sincomam.org.br\/index.php\/wp-json\/wp\/v2\/types\/post"}],"author":[{"embeddable":true,"href":"https:\/\/www.sincomam.org.br\/index.php\/wp-json\/wp\/v2\/users\/1182"}],"replies":[{"embeddable":true,"href":"https:\/\/www.sincomam.org.br\/index.php\/wp-json\/wp\/v2\/comments?post=18809"}],"version-history":[{"count":1,"href":"https:\/\/www.sincomam.org.br\/index.php\/wp-json\/wp\/v2\/posts\/18809\/revisions"}],"predecessor-version":[{"id":18810,"href":"https:\/\/www.sincomam.org.br\/index.php\/wp-json\/wp\/v2\/posts\/18809\/revisions\/18810"}],"wp:featuredmedia":[{"embeddable":true,"href":"https:\/\/www.sincomam.org.br\/index.php\/wp-json\/wp\/v2\/media\/18013"}],"wp:attachment":[{"href":"https:\/\/www.sincomam.org.br\/index.php\/wp-json\/wp\/v2\/media?parent=18809"}],"wp:term":[{"taxonomy":"category","embeddable":true,"href":"https:\/\/www.sincomam.org.br\/index.php\/wp-json\/wp\/v2\/categories?post=18809"},{"taxonomy":"post_tag","embeddable":true,"href":"https:\/\/www.sincomam.org.br\/index.php\/wp-json\/wp\/v2\/tags?post=18809"}],"curies":[{"name":"wp","href":"https:\/\/api.w.org\/{rel}","templated":true}]}}