{"id":18793,"date":"2016-03-18T16:04:32","date_gmt":"2016-03-18T19:04:32","guid":{"rendered":"http:\/\/www.sincomam.org.br\/?p=18793"},"modified":"2016-03-18T16:05:47","modified_gmt":"2016-03-18T19:05:47","slug":"sincomam-visita-embarcacoes-da-saam-smit-na-bahia","status":"publish","type":"post","link":"https:\/\/www.sincomam.org.br\/index.php\/sincomam-visita-embarcacoes-da-saam-smit-na-bahia\/","title":{"rendered":"SINCOMAM visita embarca\u00e7\u00f5es da SAAM SMIT na Bahia"},"content":{"rendered":"<p>No dia 06\/01\/2016, o delegado sindical do SINCOMAM na Bahia Jorge Ferreira e o assessor jur\u00eddico Hamilton Werneck realizaram uma visita\u00e7\u00e3o aos Condutores de M\u00e1quinas que laboram nas embarca\u00e7\u00f5es da empresa SAAM SMIT na Bahia.<\/p>\n<p><strong>Clique na foto para ampliar:<\/p>\n<p><\/strong><\/p>\n\n\t\t\t<div id='gallery-18793-1' class='gallery gallery-18793'>\n\t\t\t\t<div class='gallery-row gallery-col-3 gallery-clear'>\n\t\t\t\t\t<figure class='gallery-item col-3'>\n\t\t\t\t\t\t<div class='gallery-icon '><a href='https:\/\/www.sincomam.org.br\/index.php\/sincomam-visita-embarcacoes-da-saam-smit-na-bahia\/img-20160106-wa0017\/'><img decoding=\"async\" width=\"150\" height=\"150\" src=\"https:\/\/www.sincomam.org.br\/wp-content\/uploads\/2016\/03\/IMG-20160106-WA0017-150x150.jpg\" class=\"attachment-thumbnail size-thumbnail\" alt=\"\" \/><\/a><\/div>\n\t\t\t\t\t\t<figcaption class='gallery-caption'>Representantes do SINCOMAM com Condutores de M\u00e1quinas que laboram nas embarca\u00e7\u00f5es da empresa SAAM SMIT na Bahia<\/figcaption>\n\t\t\t\t\t<\/figure>\n\t\t\t\t\t<figure class='gallery-item col-3'>\n\t\t\t\t\t\t<div class='gallery-icon '><a href='https:\/\/www.sincomam.org.br\/index.php\/sincomam-visita-embarcacoes-da-saam-smit-na-bahia\/img-20160106-wa0022\/'><img decoding=\"async\" width=\"150\" height=\"150\" src=\"https:\/\/www.sincomam.org.br\/wp-content\/uploads\/2016\/03\/IMG-20160106-WA0022-150x150.jpg\" class=\"attachment-thumbnail size-thumbnail\" alt=\"\" \/><\/a><\/div>\n\t\t\t\t\t\t<figcaption class='gallery-caption'>SAAM SMIT<\/figcaption>\n\t\t\t\t\t<\/figure>\n\t\t\t<\/div>\n\t\t\t<\/div><!-- .gallery -->\n\n<p><a href=\"https:\/\/www.sincomam.org.br\/wp-content\/uploads\/2016\/03\/IMG-20160106-WA0022.jpg\"><\/a><strong><\/p>\n<p><\/strong><\/p>\n","protected":false},"excerpt":{"rendered":"<p>No dia 06\/01\/2016, o delegado sindical do SINCOMAM na Bahia Jorge Ferreira e o assessor jur\u00eddico Hamilton Werneck realizaram uma visita\u00e7\u00e3o aos Condutores de M\u00e1quinas&#8230;<\/p>\n","protected":false},"author":1182,"featured_media":0,"comment_status":"closed","ping_status":"closed","sticky":false,"template":"","format":"standard","meta":{"footnotes":""},"categories":[33],"tags":[],"class_list":["post-18793","post","type-post","status-publish","format-standard","hentry","category-fotos-galeria"],"_links":{"self":[{"href":"https:\/\/www.sincomam.org.br\/index.php\/wp-json\/wp\/v2\/posts\/18793","targetHints":{"allow":["GET"]}}],"collection":[{"href":"https:\/\/www.sincomam.org.br\/index.php\/wp-json\/wp\/v2\/posts"}],"about":[{"href":"https:\/\/www.sincomam.org.br\/index.php\/wp-json\/wp\/v2\/types\/post"}],"author":[{"embeddable":true,"href":"https:\/\/www.sincomam.org.br\/index.php\/wp-json\/wp\/v2\/users\/1182"}],"replies":[{"embeddable":true,"href":"https:\/\/www.sincomam.org.br\/index.php\/wp-json\/wp\/v2\/comments?post=18793"}],"version-history":[{"count":2,"href":"https:\/\/www.sincomam.org.br\/index.php\/wp-json\/wp\/v2\/posts\/18793\/revisions"}],"predecessor-version":[{"id":18797,"href":"https:\/\/www.sincomam.org.br\/index.php\/wp-json\/wp\/v2\/posts\/18793\/revisions\/18797"}],"wp:attachment":[{"href":"https:\/\/www.sincomam.org.br\/index.php\/wp-json\/wp\/v2\/media?parent=18793"}],"wp:term":[{"taxonomy":"category","embeddable":true,"href":"https:\/\/www.sincomam.org.br\/index.php\/wp-json\/wp\/v2\/categories?post=18793"},{"taxonomy":"post_tag","embeddable":true,"href":"https:\/\/www.sincomam.org.br\/index.php\/wp-json\/wp\/v2\/tags?post=18793"}],"curies":[{"name":"wp","href":"https:\/\/api.w.org\/{rel}","templated":true}]}}