{"id":18787,"date":"2016-03-18T00:55:42","date_gmt":"2016-03-18T03:55:42","guid":{"rendered":"http:\/\/www.sincomam.org.br\/?p=18787"},"modified":"2016-03-17T21:07:53","modified_gmt":"2016-03-18T00:07:53","slug":"superavit-comercial-e-de-us-828-mi-na-segunda-semana-de-marco","status":"publish","type":"post","link":"https:\/\/www.sincomam.org.br\/index.php\/superavit-comercial-e-de-us-828-mi-na-segunda-semana-de-marco\/","title":{"rendered":"Super\u00e1vit comercial \u00e9 de US$ 828 mi na segunda semana de mar\u00e7o"},"content":{"rendered":"<p>A balan\u00e7a comercial da segunda semana de mar\u00e7o, com cinco dias \u00fateis, registrou super\u00e1vit de US$ 828 milh\u00f5es, resultado de exporta\u00e7\u00f5es de US$ 3,330 bilh\u00f5es e de importa\u00e7\u00f5es de US$ 2,502 bilh\u00f5es. Os dados foram divulgados\u00a0pela Secretaria de Com\u00e9rcio Exterior (Secex) do Minist\u00e9rio do Desenvolvimento, Ind\u00fastria e Com\u00e9rcio Exterior (MDIC).<\/p>\n<p>A m\u00e9dia di\u00e1ria das exporta\u00e7\u00f5es da segunda semana do m\u00eas foi de US$ 666 milh\u00f5es. As exporta\u00e7\u00f5es de b\u00e1sicos cresceram 2,9%, puxadas por soja em gr\u00e3os, petr\u00f3leo em bruto, milho em gr\u00e3os, min\u00e9rio de ferro, caf\u00e9 em gr\u00e3os, carne bovina.<\/p>\n<p>As importa\u00e7\u00f5es tiveram m\u00e9dia di\u00e1ria da segunda semana de mar\u00e7o (US$ 500,5 milh\u00f5es), foi 6,2% acima da m\u00e9dia di\u00e1ria da primeira semana do m\u00eas (US$ 471,2 milh\u00f5es), explicada, principalmente, pelo aumento nos gastos com equipamentos mec\u00e2nicos, ve\u00edculos autom\u00f3veis e partes, qu\u00edmicos org\u00e2nicos e inorg\u00e2nicos, produtos pl\u00e1sticos, instrumentos de \u00f3tica e precis\u00e3o e sider\u00fargicos.<\/p>\n<p><strong>M\u00eas<\/strong><\/p>\n<p>A m\u00e9dia di\u00e1ria das exporta\u00e7\u00f5es, no m\u00eas, at\u00e9 a segunda semana de mar\u00e7o, foi de US$ 717,1 milh\u00f5es.<\/p>\n<p>Na compara\u00e7\u00e3o com fevereiro deste ano, tamb\u00e9m pela m\u00e9dia di\u00e1ria, as exporta\u00e7\u00f5es cresceram 2,1%, impulsionadas pelas vendas externas de b\u00e1sicos (12,9%). As exporta\u00e7\u00f5es de semimanufaturados ca\u00edram 18%, e as de manufaturados ficaram inalteradas.<\/p>\n<p>Nas importa\u00e7\u00f5es, a m\u00e9dia di\u00e1ria at\u00e9 a segunda semana de mar\u00e7o foi de US$ 487,5 milh\u00f5es.<\/p>\n<p><strong>Ano<\/strong><\/p>\n<p>At\u00e9 a segunda semana de mar\u00e7o, as exporta\u00e7\u00f5es totalizaram US$ 31,044 bilh\u00f5es, e as importa\u00e7\u00f5es US$ 25,014 bilh\u00f5es, gerando um super\u00e1vit de US$ 6,030 bilh\u00f5es, e as importa\u00e7\u00f5es apresentaram desempenho m\u00e9dio di\u00e1rio de US$ 521,1 milh\u00f5es.<\/p>\n<p>Fonte: Portal Brasil<\/p>\n","protected":false},"excerpt":{"rendered":"<p>A balan\u00e7a comercial da segunda semana de mar\u00e7o, com cinco dias \u00fateis, registrou super\u00e1vit de US$ 828 milh\u00f5es, resultado de exporta\u00e7\u00f5es de US$ 3,330 bilh\u00f5es&#8230;<\/p>\n","protected":false},"author":1182,"featured_media":18439,"comment_status":"closed","ping_status":"closed","sticky":false,"template":"","format":"standard","meta":{"footnotes":""},"categories":[6],"tags":[],"class_list":["post-18787","post","type-post","status-publish","format-standard","has-post-thumbnail","hentry","category-noticias"],"_links":{"self":[{"href":"https:\/\/www.sincomam.org.br\/index.php\/wp-json\/wp\/v2\/posts\/18787","targetHints":{"allow":["GET"]}}],"collection":[{"href":"https:\/\/www.sincomam.org.br\/index.php\/wp-json\/wp\/v2\/posts"}],"about":[{"href":"https:\/\/www.sincomam.org.br\/index.php\/wp-json\/wp\/v2\/types\/post"}],"author":[{"embeddable":true,"href":"https:\/\/www.sincomam.org.br\/index.php\/wp-json\/wp\/v2\/users\/1182"}],"replies":[{"embeddable":true,"href":"https:\/\/www.sincomam.org.br\/index.php\/wp-json\/wp\/v2\/comments?post=18787"}],"version-history":[{"count":1,"href":"https:\/\/www.sincomam.org.br\/index.php\/wp-json\/wp\/v2\/posts\/18787\/revisions"}],"predecessor-version":[{"id":18788,"href":"https:\/\/www.sincomam.org.br\/index.php\/wp-json\/wp\/v2\/posts\/18787\/revisions\/18788"}],"wp:featuredmedia":[{"embeddable":true,"href":"https:\/\/www.sincomam.org.br\/index.php\/wp-json\/wp\/v2\/media\/18439"}],"wp:attachment":[{"href":"https:\/\/www.sincomam.org.br\/index.php\/wp-json\/wp\/v2\/media?parent=18787"}],"wp:term":[{"taxonomy":"category","embeddable":true,"href":"https:\/\/www.sincomam.org.br\/index.php\/wp-json\/wp\/v2\/categories?post=18787"},{"taxonomy":"post_tag","embeddable":true,"href":"https:\/\/www.sincomam.org.br\/index.php\/wp-json\/wp\/v2\/tags?post=18787"}],"curies":[{"name":"wp","href":"https:\/\/api.w.org\/{rel}","templated":true}]}}