{"id":18776,"date":"2016-03-18T00:15:53","date_gmt":"2016-03-18T03:15:53","guid":{"rendered":"http:\/\/www.sincomam.org.br\/?p=18776"},"modified":"2016-03-17T20:55:39","modified_gmt":"2016-03-17T23:55:39","slug":"samarco-e-vale-podem-perder-direito-de-explorar-minas","status":"publish","type":"post","link":"https:\/\/www.sincomam.org.br\/index.php\/samarco-e-vale-podem-perder-direito-de-explorar-minas\/","title":{"rendered":"Samarco e Vale podem perder direito de explorar minas"},"content":{"rendered":"<p>A Vale e a Samarco v\u00e3o perder o direito de lavra de minas caso n\u00e3o cumpram o acordo fechado com a Uni\u00e3o e os Estados de Minas Gerais e Esp\u00edrito Santo para compensa\u00e7\u00e3o ambiental pelo rompimento da barragem de Fund\u00e3o, em Mariana, em 5 de novembro do ano passado.<\/p>\n<p>A Vale e a BHP Billiton s\u00e3o propriet\u00e1rias da Samarco, dona da represa. A anglo-australiana BHP Billiton, por\u00e9m, n\u00e3o opera minas no Brasil.<\/p>\n<p>O acordo foi assinado em 2 de mar\u00e7o em Bras\u00edlia e prev\u00ea aporte anual de R$ 2 bilh\u00f5es nos pr\u00f3ximos dez anos.<\/p>\n<p>Para o advogado-geral do Estado de Minas Gerais, Onofre Alves Batista J\u00fanior, a possibilidade de suspens\u00e3o da lavra das empresas \u00e9 um dos principais pontos do acerto.<\/p>\n<p>&#8220;Essa \u00e9 a maior garantia que poder\u00edamos ter&#8221;, afirmou, durante sess\u00e3o da Comiss\u00e3o de Barragens da Assembleia Legislativa realizada nesta quinta-feira, 17, para discutir o termo.<\/p>\n<p>O acerto foi enviado para a 12\u00aa Vara da Justi\u00e7a Federal em Belo Horizonte. Por\u00e9m, ainda n\u00e3o foi homologado. Segundo Onofre Batista, o pr\u00f3ximo passo ser\u00e1 o posicionamento do Minist\u00e9rio P\u00fablico em rela\u00e7\u00e3o ao termo. Procuradores e promotores j\u00e1 mostraram insatisfa\u00e7\u00e3o com o acordo.<\/p>\n<p>&#8220;N\u00e3o h\u00e1 de se imaginar que haver\u00e1 batalha para dizer se o acordo \u00e9 bom ou n\u00e3o&#8221;, afirmou o advogado-geral do Estado. Somente depois da homologa\u00e7\u00e3o os repasses s\u00e3o iniciados.<\/p>\n<p>Ainda conforme Onofre Batista, o primeiro repasse dever\u00e1 ser feito pelas controladoras da Samarco, e n\u00e3o pela pr\u00f3pria empresa, que est\u00e1 com a licen\u00e7a de opera\u00e7\u00e3o embargada desde o rompimento da barragem.<\/p>\n<p>A empresa tenta voltar a operar em Mariana com a utiliza\u00e7\u00e3o de cavas naturais, e n\u00e3o barragens com a que se rompeu, para destina\u00e7\u00e3o de rejeitos de min\u00e9rio de ferro. A documenta\u00e7\u00e3o est\u00e1 em an\u00e1lise na Secretaria de Estado de Meio Ambiente.<\/p>\n<p>Fonte: Exame<\/p>\n","protected":false},"excerpt":{"rendered":"<p>A Vale e a Samarco v\u00e3o perder o direito de lavra de minas caso n\u00e3o cumpram o acordo fechado com a Uni\u00e3o e os Estados&#8230;<\/p>\n","protected":false},"author":1182,"featured_media":18013,"comment_status":"closed","ping_status":"closed","sticky":false,"template":"","format":"standard","meta":{"footnotes":""},"categories":[6],"tags":[],"class_list":["post-18776","post","type-post","status-publish","format-standard","has-post-thumbnail","hentry","category-noticias"],"_links":{"self":[{"href":"https:\/\/www.sincomam.org.br\/index.php\/wp-json\/wp\/v2\/posts\/18776","targetHints":{"allow":["GET"]}}],"collection":[{"href":"https:\/\/www.sincomam.org.br\/index.php\/wp-json\/wp\/v2\/posts"}],"about":[{"href":"https:\/\/www.sincomam.org.br\/index.php\/wp-json\/wp\/v2\/types\/post"}],"author":[{"embeddable":true,"href":"https:\/\/www.sincomam.org.br\/index.php\/wp-json\/wp\/v2\/users\/1182"}],"replies":[{"embeddable":true,"href":"https:\/\/www.sincomam.org.br\/index.php\/wp-json\/wp\/v2\/comments?post=18776"}],"version-history":[{"count":1,"href":"https:\/\/www.sincomam.org.br\/index.php\/wp-json\/wp\/v2\/posts\/18776\/revisions"}],"predecessor-version":[{"id":18777,"href":"https:\/\/www.sincomam.org.br\/index.php\/wp-json\/wp\/v2\/posts\/18776\/revisions\/18777"}],"wp:featuredmedia":[{"embeddable":true,"href":"https:\/\/www.sincomam.org.br\/index.php\/wp-json\/wp\/v2\/media\/18013"}],"wp:attachment":[{"href":"https:\/\/www.sincomam.org.br\/index.php\/wp-json\/wp\/v2\/media?parent=18776"}],"wp:term":[{"taxonomy":"category","embeddable":true,"href":"https:\/\/www.sincomam.org.br\/index.php\/wp-json\/wp\/v2\/categories?post=18776"},{"taxonomy":"post_tag","embeddable":true,"href":"https:\/\/www.sincomam.org.br\/index.php\/wp-json\/wp\/v2\/tags?post=18776"}],"curies":[{"name":"wp","href":"https:\/\/api.w.org\/{rel}","templated":true}]}}