{"id":18774,"date":"2016-03-18T00:20:50","date_gmt":"2016-03-18T03:20:50","guid":{"rendered":"http:\/\/www.sincomam.org.br\/?p=18774"},"modified":"2016-03-17T20:53:45","modified_gmt":"2016-03-17T23:53:45","slug":"comissao-do-impeachment-elege-aliado-de-cunha-como-relator","status":"publish","type":"post","link":"https:\/\/www.sincomam.org.br\/index.php\/comissao-do-impeachment-elege-aliado-de-cunha-como-relator\/","title":{"rendered":"Comiss\u00e3o do impeachment elege aliado de Cunha como relator"},"content":{"rendered":"<p><span>A comiss\u00e3o especial que analisa o pedido de impeachment da presidente Dilma Rousseff que tramita na C\u00e2mara dos Deputados elegeu, na noite desta quinta-feira (17), o deputado Jovair Arantes (PTB-GO), aliado do presidente da C\u00e2mara, Eduardo Cunha (PMDB-RJ), relator do colegiado. Para presidir a comiss\u00e3o, foi eleito Rog\u00e9rio Rosso (PSD-DF).<\/span><\/p>\n<p><span><span>A defini\u00e7\u00e3o ocorreu ap\u00f3s o l\u00edder do governo na C\u00e2mara, deputado Jos\u00e9 Guimar\u00e3es (PT-CE), anunciar acordo entre l\u00edderes da base aliada para definir os nomes. A chapa foi aprovada por 62 votos a favor e 3 absten\u00e7\u00f5es. As tr\u00eas absten\u00e7\u00f5es foram por parte dos representantes do PSOL, Rede e PTN sob o argumento de que n\u00e3o foram consultados sobre a indica\u00e7\u00e3o dos nomes.<br \/><\/span><\/span><\/p>\n<p>Mais cedo nesta quinta, o plen\u00e1rio da C\u00e2mara elegeu, em vota\u00e7\u00e3o aberta, os 65 integrantes da comiss\u00e3o especial que primeiro analisar\u00e1 o pedido de impeachment da presidente Dilma Rousseff. A comiss\u00e3o foi eleita por 433 votos a favor e apenas 1 contr\u00e1rio, do deputado Jos\u00e9 Airton Cirilo (PT-CE). A assessoria de imprensa de Cirilo disse que ele votou contra por n\u00e3o ser favor\u00e1vel processo de impeachment.<\/p>\n<p>Al\u00e9m de Rosso e Arantes, foram definidos os seguintes nomes para os cargos de comando do colegiado: Carlos Sampaio (PSDB-SP) como primeiro-vice-presidente; Mauricio Quintella Lessa (PR-AL) como segundo-vice; e Fernando Coelho Filho (PSB-PE) como terceiro-vice.<\/p>\n<p>Como relatos, caber\u00e1 ao deputado Jovair Arantes (PTB-GO) elaborar um parecer sobre se o processo de impeachment dever\u00e1 ter continuidade ou n\u00e3o. Esse parecer precisar\u00e1 ser aprovado pela maioria absoluta dos integrantes da comiss\u00e3o. Em seguida, ser\u00e1 votado no plen\u00e1rio da C\u00e2mara e, para seguir ao Senado, ter\u00e1 que receber ao menos 342 votos favor\u00e1veis.<\/p>\n<p>A elei\u00e7\u00e3o ocorreu sob protestos de aliados do Pal\u00e1cio do Planalto. O l\u00edder do PT, Afonso Florence (BA), questionou a indica\u00e7\u00e3o dos nomes dos tr\u00eas vice-presidentes argumentando que o acordo feito tratava apenas da presid\u00eancia e da relatoria. A deputada Jandira Feghali (PCdoB-RJ) apresentou uma quest\u00e3o de ordem propondo que n\u00e3o fosse feita elei\u00e7\u00e3o para as vices porque, segundo ela, a decis\u00e3o do Supremo que tratou do rito de impeachment n\u00e3o tratou disso.<\/p>\n<p>O deputado Jutahy J\u00fanior (PSDB-BA), que presidia a sess\u00e3o, informou que n\u00e3o aceitaria a quest\u00e3o de ordem, alegando que era conhecido que a sess\u00e3o havia sido convocada para eleger tamb\u00e9m os tr\u00eas vices.<\/p>\n<p>Embora mescle deputados da base aliada e da oposi\u00e7\u00e3o, o comando da comiss\u00e3o do impeachment ficou com l\u00edderes de partidos governistas que possuem bancadas divididas em rela\u00e7\u00e3o ao governo Dilma Rousseff.\u00a0 Maur\u00edcio Quintella Lessa, Rog\u00e9rio Rosso e Jovair Arantes s\u00e3o, inclusive, considerados aliados importantes do presidente da C\u00e2mara, Eduardo Cunha (PMDB-RJ).<\/p>\n<p>Escolhido para presidir a comiss\u00e3o, Rog\u00e9rio Rosso (DF), que \u00e9 l\u00edder do PSD, afirmou ao\u00a0<strong>G1<\/strong>, nesta quarta (16), que vai liberar o voto dos deputados no processo de impeachment.\u00a0 Segundo ele, embora fa\u00e7a parte da base aliada, a bancada do partido est\u00e1 \u201cdividida\u201d quanto \u00e0 possibilidade de afastamento da presidente.<\/p>\n<p>\u201cVai ser respeitado o voto e a consci\u00eancia de cada parlamentar. A bancada hoje acho que est\u00e1 dividida, 50% pr\u00f3-impeachment e 50% contra o impeachment\u201d, afirmou. Rosso avaliou que os protestos do \u00faltimo domingo (13) deram nova \u201cintensidade\u201d ao processo de impeachment.\u00a0 \u201cCom os protestos, o impeachment ganhou alt\u00edssima intensidade. Todos os partidos, da base e de oposi\u00e7\u00e3o, v\u00e3o ter que refletir sobre o que \u00e9 melhor para o pa\u00eds\u201d, disse.<\/p>\n<p><strong>O processo<\/strong><br \/>Segundo o presidente da C\u00e2mara, Eduardo Cunha (PMDB-RJ), 45 dias \u00e9 um \u201cprazo razo\u00e1vel\u201d para concluir toda a tramita\u00e7\u00e3o do processo de impeachment na Casa.<\/p>\n<p>A partir da instala\u00e7\u00e3o da comiss\u00e3o especial, a presidente Dilma ter\u00e1 dez sess\u00f5es do plen\u00e1rio da C\u00e2mara para apresentar sua defesa e o colegiado ter\u00e1 cinco sess\u00f5es depois disso para votar parecer pela continuidade ou n\u00e3o do processo de impeachment.<\/p>\n<p>Cunha disse que tentar\u00e1 fazer sess\u00f5es todos os dias da semana, inclusive segundas e sextas. Para valer na contagem do prazo, ser\u00e1 preciso haver qu\u00f3rum de 51 deputados. Ap\u00f3s ser votado na comiss\u00e3o, o parecer sobre o pedido de impeachment segue para o plen\u00e1rio da C\u00e2mara, que decide se instaura ou n\u00e3o o processo.<\/p>\n<div>Fonte: G1<\/div>\n<div class=\"video componente_materia\" data-height=\"349\" data-width=\"620\" id=\"4891551\">\n<div data-player=\"\" class=\"clappr-player\" id=\"wp3-player-1\" tabindex=\"9999\">\n<div class=\"container master-container\" data-container=\"\" data-pip=\"\">\n<div data-info=\"\" class=\"wp3-video-info basic\">\n<div class=\"wp3-video-status\"><\/div>\n<\/div>\n<\/div>\n<\/div>\n<\/div>\n","protected":false},"excerpt":{"rendered":"<p>A comiss\u00e3o especial que analisa o pedido de impeachment da presidente Dilma Rousseff que tramita na C\u00e2mara dos Deputados elegeu, na noite desta quinta-feira (17),&#8230;<\/p>\n","protected":false},"author":1182,"featured_media":18249,"comment_status":"closed","ping_status":"closed","sticky":false,"template":"","format":"standard","meta":{"footnotes":""},"categories":[6],"tags":[],"class_list":["post-18774","post","type-post","status-publish","format-standard","has-post-thumbnail","hentry","category-noticias"],"_links":{"self":[{"href":"https:\/\/www.sincomam.org.br\/index.php\/wp-json\/wp\/v2\/posts\/18774","targetHints":{"allow":["GET"]}}],"collection":[{"href":"https:\/\/www.sincomam.org.br\/index.php\/wp-json\/wp\/v2\/posts"}],"about":[{"href":"https:\/\/www.sincomam.org.br\/index.php\/wp-json\/wp\/v2\/types\/post"}],"author":[{"embeddable":true,"href":"https:\/\/www.sincomam.org.br\/index.php\/wp-json\/wp\/v2\/users\/1182"}],"replies":[{"embeddable":true,"href":"https:\/\/www.sincomam.org.br\/index.php\/wp-json\/wp\/v2\/comments?post=18774"}],"version-history":[{"count":1,"href":"https:\/\/www.sincomam.org.br\/index.php\/wp-json\/wp\/v2\/posts\/18774\/revisions"}],"predecessor-version":[{"id":18775,"href":"https:\/\/www.sincomam.org.br\/index.php\/wp-json\/wp\/v2\/posts\/18774\/revisions\/18775"}],"wp:featuredmedia":[{"embeddable":true,"href":"https:\/\/www.sincomam.org.br\/index.php\/wp-json\/wp\/v2\/media\/18249"}],"wp:attachment":[{"href":"https:\/\/www.sincomam.org.br\/index.php\/wp-json\/wp\/v2\/media?parent=18774"}],"wp:term":[{"taxonomy":"category","embeddable":true,"href":"https:\/\/www.sincomam.org.br\/index.php\/wp-json\/wp\/v2\/categories?post=18774"},{"taxonomy":"post_tag","embeddable":true,"href":"https:\/\/www.sincomam.org.br\/index.php\/wp-json\/wp\/v2\/tags?post=18774"}],"curies":[{"name":"wp","href":"https:\/\/api.w.org\/{rel}","templated":true}]}}