{"id":18772,"date":"2016-03-18T00:10:20","date_gmt":"2016-03-18T03:10:20","guid":{"rendered":"http:\/\/www.sincomam.org.br\/?p=18772"},"modified":"2016-03-17T20:50:31","modified_gmt":"2016-03-17T23:50:31","slug":"pf-apreende-minuta-de-contrato-de-compra-de-sitio-de-atibaia-por-lula","status":"publish","type":"post","link":"https:\/\/www.sincomam.org.br\/index.php\/pf-apreende-minuta-de-contrato-de-compra-de-sitio-de-atibaia-por-lula\/","title":{"rendered":"PF apreende minuta de contrato de compra de s\u00edtio de Atibaia por Lula"},"content":{"rendered":"<p>A Pol\u00edcia Federal\u00a0informou nesta quinta-feira (17) que apreendeu no apartamento do ex-presidente Luiz In\u00e1cio Lula da Silva, em S\u00e3o Bernardo do Campo (SP), uma minuta de contrato de compra do S\u00edtio Santa B\u00e1rbara, em Atibaia, no interior de S\u00e3o Paulo.<\/p>\n<p>O documento n\u00e3o tem assinatura e \u00e9 datado de julho de 2012, sem o dia exato do m\u00eas. Ele indica um compromisso de venda do s\u00edtio em nome de Fernando Bittar e sua mulher, Lilian, para Lula e sua mulher, Marisa Let\u00edcia. O valor previsto da venda \u00e9 de R$ 800 mil (R$ 200 mil no ato da compra, e R$ 600 mil divididos em tr\u00eas presta\u00e7\u00f5es mensais).<\/p>\n<p>A PF suspeita que Lula seja o verdadeiro dono do s\u00edtio, o que configuraria crime de oculta\u00e7\u00e3o de patrim\u00f4nio. Lula nega ser o dono do local e diz que frequenta muito o s\u00edtio porque pertence a amigos da fam\u00edlia.<\/p>\n<p>Esse documento foi apreendido, segundo a pol\u00edcia, na 24\u00ba fase da Opera\u00e7\u00e3o Lava Jato, realizada no dia 4 de mar\u00e7o e que teve como alvo o ex-presidente. A propriedade \u00e9 investigada na Lava Jato\u00a0porque teria sido reformada por empreiteiras envolvidas no esquema de corrup\u00e7\u00e3o da Petrobras.<\/p>\n<p><strong>Resposta do Instituto Lula<\/strong><br \/>O Instituto Lula divulgou a seguinte nota: &#8220;A minuta da escritura de compra e venda publicada por &#8216;Veja&#8217; somente autoriza uma conclus\u00e3o oposta \u00e0quela publicada pela revista. O documento permite concluir que o ex-Presidente Lula cogitou comprar o \u201cS\u00edtio Santa B\u00e1rbara\u201d, de Atibaia (SP), dos seus reais propriet\u00e1rios, Fernando Bittar e Jonas Suassuna. O ex-Presidente cogitou comprar justamente porque n\u00e3o \u00e9 o dono do s\u00edtio.<\/p>\n<p>O ex-Presidente Luiz In\u00e1cio Lula da Silva soube que a fam\u00edlia de Jac\u00f3 Bittar e Jonas Suassuna haviam comprado o \u201cS\u00edtio Santa B\u00e1rbara\u201d, em Ataibaia (SP) em 13 de janeiro de 2011. Frequentou o local pela primeira vez em 15 de janeiro de 2011.<\/p>\n<p>O s\u00edtio, al\u00e9m de servir para que amigos de longa data pudessem frequentar e conviver, tamb\u00e9m serviu para receber parte do acervo presidencial entregue ao ex-Presidente Lula pela Secretaria da Presid\u00eancia da Rep\u00fablica ao final do seu mandato, como foi idealizado por Jac\u00f3 Bittar \u2013 que \u00e9 amigo de Lula e companheiro na pol\u00edtica h\u00e1 mais de 35 anos.<\/p>\n<p>As reformas que foram feitas no s\u00edtio foram realizadas pelos propriet\u00e1rios para adequar as instala\u00e7\u00f5es a essas necessidades. Amigos e parentes do ex-Presidente Lula acompanharam parte da reforma e auxiliaram no que era poss\u00edvel.<\/p>\n<p>A partir de janeiro de 2011, quando o ex-Presidente e seus familiares passaram a frequentar o s\u00edtio em dias de descanso juntamente com os propriet\u00e1rios, tamb\u00e9m houve o aux\u00edlio para a manuten\u00e7\u00e3o do local.<\/p>\n<p>Esses fatos justificam todos os documentos que foram apreendidos durante a busca e apreens\u00e3o realizada na resid\u00eancia do ex-Presidente Lula e no pr\u00f3prio s\u00edtio em Atibaia.<\/p>\n<p>N\u00e3o se sabe qual o crit\u00e9rio usado pela Pol\u00edcia Federalx para afirmar que n\u00e3o h\u00e1 pertences dos propriet\u00e1rios no s\u00edtio. De qualquer forma, essa afirma\u00e7\u00e3o n\u00e3o muda em nada a propriedade do local, que \u00e9 atribu\u00edda a Fernando Bittar e Jonas Suassuna por t\u00edtulo dotado de f\u00e9 p\u00fablica&#8221;. (Nota da reda\u00e7\u00e3o: o caso foi noticiado mais cedo pelo site da revista &#8220;Veja&#8221;.)<\/p>\n<p><strong>Relat\u00f3rio<\/strong><br \/>Um relat\u00f3rio da PF sobre o s\u00edtio de Atibaia\u00a0afirma que foram realizadas reformas e benfeitorias no local conforme a demanda do ex-presidente Lula e que n\u00e3o foram encontrados no local objetos de Jonas Leite Suassuana Filho e Fernando Bittar, que seriam os reais donos da propriedade.<\/p>\n<p>O relat\u00f3rio foi divulgado nesta quinta-feira (17) e foi elaborado a pedido da delegada federal Renata da Silva Rodrigues. O laudo \u00e9 descritivo. Fala da disposi\u00e7\u00e3o da propriedade que tem duas casas, dos materiais utilizados e dos objetos existentes. Seis peritos criminais federais assinam o documento.<\/p>\n<p>&#8220;(&#8230;) O casal Luiz In\u00e1cio Lula da Silva e Marisa Let\u00edcia Lula da Silva exercia o uso das principais instala\u00e7\u00f5es e benfeitorias do S\u00edtio. Igualmente, foram efetuadas constru\u00e7\u00f5es, amplia\u00e7\u00f5es, adapta\u00e7\u00f5es, reformas, instala\u00e7\u00f5es de itens de conforto, bem como uso de objetos decorativos personalizados, destinados \u00e0s demandas espec\u00edficas do ex-Presidente Lula e de sua fam\u00edlia. Opostamente, destaca-se que n\u00e3o foram identificados quaisquer objetos de uso pessoal de Jonas Leite Suassuna Filho e de Fernando Bittar&#8221;, dizem os peritos.<\/p>\n<p>A for\u00e7a-tarefa suspeita que o ex-presidente pode ter sido beneficiado do esquema de corrup\u00e7\u00e3o, desvio e lavagem de dinheiro descoberto na Petrobras.<\/p>\n<p><strong>Reformas<\/strong><br \/>Entre as vantagens supostamente recebidas por Lula est\u00e3o a reforma da propriedade rural e a compra de m\u00f3veis. Os custos, conforme as investiga\u00e7\u00f5es, foram arcados pelas empresas OAS e Odebrecht que t\u00eam condena\u00e7\u00e3o no \u00e2mbito da Lava Jato e pelo pecuarista Jos\u00e9 Carlos Bumlai, que est\u00e1 preso na Regi\u00e3o Metropolitana de Curitiba.<\/p>\n<p>O ex-presidente e atual ministro indicado da Casa Civil nega as acusa\u00e7\u00f5es. Desde que as investiga\u00e7\u00f5es se tornaram p\u00fablicas ele afirma que n\u00e3o \u00e9 propriet\u00e1rio do espa\u00e7o. O Instituto Lula chegou a afirmar que o ex-presidente nunca escondeu que frequenta o local, que pertence a amigos dele e de sua fam\u00edlia, em dias de descanso.<\/p>\n<p>Fonte: G1<\/p>\n","protected":false},"excerpt":{"rendered":"<p>A Pol\u00edcia Federal\u00a0informou nesta quinta-feira (17) que apreendeu no apartamento do ex-presidente Luiz In\u00e1cio Lula da Silva, em S\u00e3o Bernardo do Campo (SP), uma minuta&#8230;<\/p>\n","protected":false},"author":1182,"featured_media":18467,"comment_status":"closed","ping_status":"closed","sticky":false,"template":"","format":"standard","meta":{"footnotes":""},"categories":[6],"tags":[],"class_list":["post-18772","post","type-post","status-publish","format-standard","has-post-thumbnail","hentry","category-noticias"],"_links":{"self":[{"href":"https:\/\/www.sincomam.org.br\/index.php\/wp-json\/wp\/v2\/posts\/18772","targetHints":{"allow":["GET"]}}],"collection":[{"href":"https:\/\/www.sincomam.org.br\/index.php\/wp-json\/wp\/v2\/posts"}],"about":[{"href":"https:\/\/www.sincomam.org.br\/index.php\/wp-json\/wp\/v2\/types\/post"}],"author":[{"embeddable":true,"href":"https:\/\/www.sincomam.org.br\/index.php\/wp-json\/wp\/v2\/users\/1182"}],"replies":[{"embeddable":true,"href":"https:\/\/www.sincomam.org.br\/index.php\/wp-json\/wp\/v2\/comments?post=18772"}],"version-history":[{"count":1,"href":"https:\/\/www.sincomam.org.br\/index.php\/wp-json\/wp\/v2\/posts\/18772\/revisions"}],"predecessor-version":[{"id":18773,"href":"https:\/\/www.sincomam.org.br\/index.php\/wp-json\/wp\/v2\/posts\/18772\/revisions\/18773"}],"wp:featuredmedia":[{"embeddable":true,"href":"https:\/\/www.sincomam.org.br\/index.php\/wp-json\/wp\/v2\/media\/18467"}],"wp:attachment":[{"href":"https:\/\/www.sincomam.org.br\/index.php\/wp-json\/wp\/v2\/media?parent=18772"}],"wp:term":[{"taxonomy":"category","embeddable":true,"href":"https:\/\/www.sincomam.org.br\/index.php\/wp-json\/wp\/v2\/categories?post=18772"},{"taxonomy":"post_tag","embeddable":true,"href":"https:\/\/www.sincomam.org.br\/index.php\/wp-json\/wp\/v2\/tags?post=18772"}],"curies":[{"name":"wp","href":"https:\/\/api.w.org\/{rel}","templated":true}]}}