{"id":18770,"date":"2016-03-17T00:45:58","date_gmt":"2016-03-17T03:45:58","guid":{"rendered":"http:\/\/www.sincomam.org.br\/?p=18770"},"modified":"2016-03-16T21:49:07","modified_gmt":"2016-03-17T00:49:07","slug":"ibovespa-reduz-queda-com-recuperacao-de-petrobras-e-bb","status":"publish","type":"post","link":"https:\/\/www.sincomam.org.br\/index.php\/ibovespa-reduz-queda-com-recuperacao-de-petrobras-e-bb\/","title":{"rendered":"Ibovespa reduz queda com recupera\u00e7\u00e3o de Petrobras e BB"},"content":{"rendered":"<p>O principal \u00edndice da Bovespa\u00a0desacelerava as perdas no final da manh\u00e3 desta quarta-feira, amparado na recupera\u00e7\u00e3o dos pap\u00e9is da Petrobras e do Banco do Brasil, embora incertezas na esfera pol\u00edtica sigam adicionando volatilidade \u00e0s a\u00e7\u00f5es brasileiras.<\/p>\n<p>\u00c0s 11h20, o Ibovespa ca\u00eda 0,22%, a 47.028,17 pontos. Na m\u00ednima, mais cedo, o \u00edndice de refer\u00eancia do mercado acion\u00e1rio brasileiro caiu 1,3%, a 46.520 pontos. O volume financeiro no preg\u00e3o era de 1,56 bilh\u00e3o de reais.<\/p>\n<p>O mercado brasileiro segue na expectativas se o ex-presidente Luiz In\u00e1cio Lula da Silva assumir\u00e1 um minist\u00e9rio no governo da presidente Dilma Rousseff e potenciais desdobramentos para a cena pol\u00edtica e econ\u00f4mica, mas tamb\u00e9m repercutem ru\u00eddos envolvendo o titular do Banco Central, Alexandre Tombini.<\/p>\n<p>Dilma Rousseff estava reunida nesta manh\u00e3 com o ex-presidente Lula e os ministro da Fazenda, Nelson Barbosa, e da Casa Civil, Jaques Wagner, em meio a incertezas se Lula assumir\u00e1 ou n\u00e3o um minist\u00e9rio.<\/p>\n<p>De acordo com o jornal Valor Econ\u00f4mico, Tombini tem dado sinais de que pedir\u00e1 para deixar o cargo na movimenta\u00e7\u00e3o ministerial que est\u00e1 sendo desenhada para adequar o governo a um novo perfil.<\/p>\n<p>Na vis\u00e3o da equipe da Guide Investimentos, os mercados locais devem continuar reagindo de forma negativa \u00e0 possibilidade de guinada na condu\u00e7\u00e3o da pol\u00edtica econ\u00f4mica, principalmente com a entrada do ex-presidente Lula no governo, caso este venha a se tornar ministro.<\/p>\n<p>Do exterior, investidores monitoram decis\u00e3o de pol\u00edtica moment\u00e1ria nos Estados Unidos prevista para a parte da tarde, principalmente o discurso da chair do Federal Reserve, Janet Yellen, na sequ\u00eancia.<\/p>\n<p><strong>Destaques\u00a0<br \/><\/strong><\/p>\n<p>Petrobras tinha as a\u00e7\u00f5es preferenciais em alta de 4,5%, ap\u00f3s dois dias de fortes quedas, conforme os pap\u00e9is seguem sens\u00edveis ao cen\u00e1rio pol\u00edtico.\u00a0<\/p>\n<p>A alta dos pre\u00e7os do petr\u00f3leo no exterior endossava a recupera\u00e7\u00e3o dos pap\u00e9is.<\/p>\n<p>Banco do Brasil, outro papel que segue atrelado \u00e0s expectativas no campo pol\u00edtico, subia 2,6%, tamb\u00e9m recuperando-se das perdas do in\u00edcio do preg\u00e3o e ap\u00f3s recuar mais de 20% na v\u00e9spera, na maior queda percentual di\u00e1ria em 20 anos.\u00a0<\/p>\n<p>No setor, Ita\u00fa Unibanco e Bradesco ca\u00edam 2,8 e 3,2%, respectivamente.<\/p>\n<p>Vale mostrava as a\u00e7\u00f5es preferenciais de classe A com ganho de 3,2%, amparadas na alta dos pre\u00e7os do min\u00e9rio de ferro na China.\u00a0<\/p>\n<p>Pap\u00e9is de sider\u00fargicas acompanhavam a melhora, com CSN em alta de 6% e Usiminas avan\u00e7ando 5%.<\/p>\n<p>OI recuava 0,9%, pressionada por preocupa\u00e7\u00f5es sobre as alternativas que a operadora de telecomunica\u00e7\u00f5es pode buscar para otimizar sua liquidez e perfil de d\u00edvida.\u00a0<\/p>\n<p>A empresa informou que est\u00e1 estudando com sua assessora financeira PJT Partners todas as oportunidades e propostas, que podem envolver a emiss\u00e3o de novas a\u00e7\u00f5es, embora n\u00e3o exista decis\u00e3o.<\/p>\n<p>Ecorodovias tinha desvaloriza\u00e7\u00e3o de 1%, ap\u00f3s empresa de concess\u00f5es de infraestrutura divulgar lucro l\u00edquido de 40,6 milh\u00f5es de reais no quarto trimestre, queda de 24,6% na compara\u00e7\u00e3o anual.<\/p>\n<p>Gol, que n\u00e3o est\u00e1 no Ibovespa, reduziu a queda para 3,4%, em sess\u00e3o com dados operacionais da companhia a\u00e9rea no radar, mostrando queda de 5% na demanda total de passageiros em fevereiro sobre um ano antes, enquanto a oferta de voos recuou 4,1% e as decolagens ca\u00edram 5,1%.\u00a0<\/p>\n<p>Os pap\u00e9is tamb\u00e9m s\u00e3o afetados pela valoriza\u00e7\u00e3o do d\u00f3lar ante o real.<\/p>\n<p>Fonte: Exame<\/p>\n","protected":false},"excerpt":{"rendered":"<p>O principal \u00edndice da Bovespa\u00a0desacelerava as perdas no final da manh\u00e3 desta quarta-feira, amparado na recupera\u00e7\u00e3o dos pap\u00e9is da Petrobras e do Banco do Brasil,&#8230;<\/p>\n","protected":false},"author":1182,"featured_media":18275,"comment_status":"closed","ping_status":"closed","sticky":false,"template":"","format":"standard","meta":{"footnotes":""},"categories":[6],"tags":[],"class_list":["post-18770","post","type-post","status-publish","format-standard","has-post-thumbnail","hentry","category-noticias"],"_links":{"self":[{"href":"https:\/\/www.sincomam.org.br\/index.php\/wp-json\/wp\/v2\/posts\/18770","targetHints":{"allow":["GET"]}}],"collection":[{"href":"https:\/\/www.sincomam.org.br\/index.php\/wp-json\/wp\/v2\/posts"}],"about":[{"href":"https:\/\/www.sincomam.org.br\/index.php\/wp-json\/wp\/v2\/types\/post"}],"author":[{"embeddable":true,"href":"https:\/\/www.sincomam.org.br\/index.php\/wp-json\/wp\/v2\/users\/1182"}],"replies":[{"embeddable":true,"href":"https:\/\/www.sincomam.org.br\/index.php\/wp-json\/wp\/v2\/comments?post=18770"}],"version-history":[{"count":1,"href":"https:\/\/www.sincomam.org.br\/index.php\/wp-json\/wp\/v2\/posts\/18770\/revisions"}],"predecessor-version":[{"id":18771,"href":"https:\/\/www.sincomam.org.br\/index.php\/wp-json\/wp\/v2\/posts\/18770\/revisions\/18771"}],"wp:featuredmedia":[{"embeddable":true,"href":"https:\/\/www.sincomam.org.br\/index.php\/wp-json\/wp\/v2\/media\/18275"}],"wp:attachment":[{"href":"https:\/\/www.sincomam.org.br\/index.php\/wp-json\/wp\/v2\/media?parent=18770"}],"wp:term":[{"taxonomy":"category","embeddable":true,"href":"https:\/\/www.sincomam.org.br\/index.php\/wp-json\/wp\/v2\/categories?post=18770"},{"taxonomy":"post_tag","embeddable":true,"href":"https:\/\/www.sincomam.org.br\/index.php\/wp-json\/wp\/v2\/tags?post=18770"}],"curies":[{"name":"wp","href":"https:\/\/api.w.org\/{rel}","templated":true}]}}