{"id":18768,"date":"2016-03-17T00:20:08","date_gmt":"2016-03-17T03:20:08","guid":{"rendered":"http:\/\/www.sincomam.org.br\/?p=18768"},"modified":"2016-03-16T21:36:07","modified_gmt":"2016-03-17T00:36:07","slug":"moro-derruba-sigilo-e-divulga-grampo-de-ligacao-entre-lula-e-dilma","status":"publish","type":"post","link":"https:\/\/www.sincomam.org.br\/index.php\/moro-derruba-sigilo-e-divulga-grampo-de-ligacao-entre-lula-e-dilma\/","title":{"rendered":"Moro derruba sigilo e divulga grampo de liga\u00e7\u00e3o entre Lula e Dilma"},"content":{"rendered":"<p>O juiz S\u00e9rgio Moro retirou nesta quarta-feira (16) o sigilo de intercepta\u00e7\u00f5es telef\u00f4nicas do ex-presidente Luiz In\u00e1cio Lula da Silva. As conversas gravadas pela Pol\u00edcia Federal incluem di\u00e1logo desta quarta com a presidente Dilma Rousseff, que o nomeou como ministro chefe da Casa Civil.\u00a0<\/p>\n<p>No despacho em que libera as grava\u00e7\u00f5es, Moro afirma que, \u201cpelo teor dos di\u00e1logos degravados, constata-se que o ex-Presidente j\u00e1 sabia ou pelo menos desconfiava de que estaria sendo interceptado pela Pol\u00edcia Federal, comprometendo a espontaneidade e a credibilidade de diversos dos di\u00e1logos\u201d.<\/p>\n<p>Moro afirma, ainda, que alguns di\u00e1logos sugerem que Lula j\u00e1 sabia das buscas feitas pela 24\u00aa fase da Opera\u00e7\u00e3o Lava Jato no in\u00edcio do m\u00eas.<a href=\"http:\/\/g1.globo.com\/politica\/blog\/matheus-leitao\/post\/lula-sabia-ou-desconfiava-que-estaria-sendo-interceptado-diz-moro.html\">\u00a0<\/a><\/p>\n<p>O advogado de Luiz In\u00e1cio Lula da Silva, Cristiano Zanin Martins, disse que a divulga\u00e7\u00e3o do \u00e1udio da conversa entre a presidente Dilma Rousseff com Lula \u00e9 uma arbitrariedade e estimula um convuls\u00e3o social.<\/p>\n<p><strong>Conversa com Dilma<\/strong><br \/>&#8211;\u00a0<strong>Dilma<\/strong>: Al\u00f4<br \/>&#8211;\u00a0<strong>Lula<\/strong>: Al\u00f4<br \/>&#8211;\u00a0<strong>Dilma<\/strong>: Lula, deixa eu te falar uma coisa.<br \/>&#8211;\u00a0<strong>Lula<\/strong>: Fala, querida. Ahn<br \/>&#8211;\u00a0<strong>Dilma<\/strong>: Seguinte, eu t\u00f4 mandando o &#8216;Bessias&#8217; junto com o papel pra gente ter ele, e s\u00f3 usa em caso de necessidade, que \u00e9 o termo de posse, t\u00e1?!<br \/>&#8211;\u00a0<strong>Lula<\/strong>:\u00a0 Uhum. T\u00e1 bom, t\u00e1 bom.<br \/>&#8211;\u00a0<strong>Dilma<\/strong>: S\u00f3 isso, voc\u00ea espera a\u00ed que ele t\u00e1 indo a\u00ed.<br \/>&#8211;\u00a0<strong>Lula<\/strong>: T\u00e1 bom, eu t\u00f4 aqui, fico aguardando.<br \/>&#8211;\u00a0<strong>Dilma<\/strong>: T\u00e1?!<br \/>&#8211;\u00a0<strong>Lula<\/strong>: T\u00e1 bom.<br \/>&#8211;\u00a0<strong>Dilma<\/strong>: Tchau.<br \/>&#8211;\u00a0<strong>Lula<\/strong>: Tchau, querida.<\/p>\n<p>O Advogado Geral da Uni\u00e3o, Jos\u00e9 Eduardo Cardozo, disse que o di\u00e1logo de Dilma, ao contr\u00e1rio da interpreta\u00e7\u00e3o da oposi\u00e7\u00e3o, n\u00e3o estava dando a Lula um documento para ele se livrar de poss\u00edvel a\u00e7\u00e3o policial.<\/p>\n<p>Segundo o ministro, a presidente estava enviando a Lula o documento chamado termo de posse, para ele assinar. Isso porque Lula, de acordo com Cardozo, estava com problemas para comparecer \u00e0 cerim\u00f4nia de posse marcada para quinta-feira (17).<\/p>\n<p>O Planalto emitiu nota em que afirma que v\u00ea &#8216;afronta&#8217; a direito de Dilma na divulga\u00e7\u00e3o do telefonema.\u00a0<\/p>\n<p><strong>Cargo de ministro<\/strong><br \/>Em outro trecho, Lula afirma que jamais iria para o governo para se proteger.\u00a0 Ele conversa com Valmir Moraes da Silva e com o governador do Piau\u00ed Wellignton Dias.<\/p>\n<p><strong>&#8211; Wellington Dias<\/strong>: O Brasil precisa nesse instante de voc\u00ea aqui. Sei que n\u00e3o \u00e9 uma opera\u00e7\u00e3o que n\u00e3o \u00e9 f\u00e1cil para voc\u00ea. H\u00e1, pelo que eu sei, disposi\u00e7\u00e3o dela [Dilma] e acho que vale a pena, viu presidente?<\/p>\n<p><strong>&#8211; Lula<\/strong>: Mas deixa eu te falar, eu vou ter uma conversa com ela, porque n\u00e3o \u00e9 f\u00e1cil. N\u00e3o \u00e9 uma tarefa f\u00e1cil. Veja, eu jamais direi ao governo para me proteger.<\/p>\n<p><strong>&#8211; Wellington Dias<\/strong>: N\u00e3o, eu sei. Mas n\u00e3o \u00e9 para isso. Isso que voc\u00ea est\u00e1 fazendo \u00e9 uma coisa excepcional. \u00c9 uma coisa fant\u00e1stica que voc\u00ea est\u00e1 fazendo se caminhar nas duas dire\u00e7\u00e3o [sic] o que voc\u00ea est\u00e1 fazendo, essas duas medidas que a gente t\u00e1 tratando da economia. To aqui para falar com ela [Dilma] sobre isso. Oito partidos, 21 governadores, que d\u00e3o sustenta\u00e7\u00e3o \u00e0s mudan\u00e7as que ela precisa fazer para a economia. N\u00e3o tem jeito. Ela tem que aumentar um pouco o endividamento para poder ter dinheiro para fazer esse pa\u00eds.<\/p>\n<p><strong>&#8211; Lula<\/strong>: Eu acho, eu acho, eu acho. A coisa mais simples que ela tem que fazer.<\/p>\n<p><strong>Influ\u00eancia<\/strong><br \/>O juiz diz que algumas em algumas conversas se fala, aparentemente, &#8220;em tentar influenciar ou obter aux\u00edlio de autoridades do Minist\u00e9rio P\u00fablico ou da Magistratura em favor do ex-Presidente&#8221;. Moro ressalta, por\u00e9m, que n\u00e3o h\u00e1 nenhum ind\u00edcio nas conversas, ou fora delas, de que as pessoas citadas tentaram, de fato, agido &#8220;de forma inapropriada&#8221;.<\/p>\n<p>&#8220;Em alguns casos, sequer h\u00e1 informa\u00e7\u00e3o se a inten\u00e7\u00e3o em influenciar ou obter interven\u00e7\u00e3o chegou a ser efetivada&#8221;, observa o juiz.<\/p>\n<p>Um dos casos citados por Moro faz refer\u00eancia \u00e0 Ministra Rosa Weber do Supremo Tribunal Federal (STF), &#8220;provalvemente para obten\u00e7\u00e3o de decis\u00e3o favor\u00e1vel ao ex-Presidente na ACO 2822&#8221;. Na ocasi\u00e3o, Weber negou pedido apresentado pela defesa\u00a0do ex-presidente para suspender duas investiga\u00e7\u00f5es sobre um triplex em Guaruj\u00e1 (SP) e um s\u00edtio em Atibaia (SP) ligados a ele.<\/p>\n<p>&#8220;A eminente Magistrada, al\u00e9m de conhecida por sua extrema honradez e retid\u00e3o, denegou os pleitos da Defesa do ex-Presidente&#8221;, afirmou Moro.<\/p>\n<p>Outro ministro que tamb\u00e9m aparece nos di\u00e1logos \u00e9 Ricardo Lewandowski. &#8220;H\u00e1 di\u00e1logo que sugere tentativa de se obter alguma interven\u00e7\u00e3o do Exmo. Ministro Ricardo Lewandowski contra imagin\u00e1ria pris\u00e3o do ex-Presidente, mas sequer o interlocutor logrou obter do referido Magistrado qualquer acesso nesse sentido&#8221;, consignou o juiz.<\/p>\n<p>A ministra Rosa Weber e a presid\u00eancia do STF informaram que n\u00e3o iriam comentar o caso.<\/p>\n<p>Moro afirma tamb\u00e9m que h\u00e1 men\u00e7\u00e3o ao rec\u00e9m nomeado Ministro da Justi\u00e7a Eug\u00eanio Arag\u00e3o, sobre quem Lula diz que &#8220;parece nosso amigo&#8221;, mas de quem reclama porque &#8220;este n\u00e3o teria prestado qualquer aux\u00edlo&#8221;. &#8220;Eu \u00e0s vezes fico pensando at\u00e9 que o Arag\u00e3o deveria cumprir um papel de homem naquela porra, porque o Arag\u00e3o parece nosso amigo, parece, parece, mas t\u00e1 sempre dizendo &#8216;olha&#8230;&#8217;.&#8221;, diz trecho da conversa.\u00a0<\/p>\n<p>Eug\u00eanio Arag\u00e3o informou que n\u00e3o iria se manifestar.<\/p>\n<p>O juiz registra no despacho que registrou essas refer\u00eancias &#8220;apenas para deixar claro que as aparentes declara\u00e7\u00f5es pelos interlocutores em obter aux\u00edlio ou influenciar membro do Minist\u00e9rio P\u00fablico ou da Magistratura n\u00e3o significa que esses \u00faltimos tenham qualquer participa\u00e7\u00e3o nos il\u00edcitos&#8221;. Para Moro, por\u00e9m, isso &#8220;n\u00e3o torna menos reprov\u00e1vel a inten\u00e7\u00e3o ou as tentativas de solicita\u00e7\u00e3o&#8221;.<\/p>\n<p><strong>Campanha de 2018<\/strong><br \/>Logo ap\u00f3s deixar o aeroporto de Congonhas, onde prestou depoimento para a for\u00e7a-tarefa da Opera\u00e7\u00e3o Lava Jato no in\u00edcio do m\u00eas, Lula criticou as investiga\u00e7\u00f5es em conversa telef\u00f4nica com Dilma. O ex-presidente diz para Dilma que ir\u00e1 aproveitar a milit\u00e2ncia e antecipar a campanha para 2018.<\/p>\n<p>&#8220;Eu, estou dizendo aqui pro PT, Dilma que n\u00e3o tem mais tr\u00e9gua, n\u00e3o tem que ficaracreditando na luta jur\u00eddica, n\u00f3s temos que aproveitar a nossa milit\u00e2ncia e ir pra rua. Eu sinceramente, que t\u00f4 querendo me aposentar, eu vou antecipar minha campanha pra 2018, eu vou acertar de viajar esse pa\u00eds a partir da semana que vem, sabe?! E quero ver o que vai acontecer. \u00c9, lamentavelmente, vai ser isso, querida. Eu n\u00e3o vou ficar em casa parado&#8221;, afirmou Lula.<\/p>\n<p><strong>Espet\u00e1culo<\/strong><br \/>Na mesma conversa, o ex-presidente afirma que o juiz S\u00e9rgio Moro &#8220;quis fazer um espet\u00e1culo, antes da decis\u00e3o daquele neg\u00f3cio que t\u00e1 no Supremo pra decidir, a gente n\u00e3o\u00a0 sabe se \u00e9 contra ou a favor, mas ele precisava fazer um espet\u00e1culo de pirotecnia. As perguntas foram as mesmas que eu\u00a0 j\u00e1\u00a0 respondi ao MP e a dois delegados da PF&#8221;, disse Lula<\/p>\n<p>Ele segue criticando as apreens\u00f5es nas casas dos filhos e dos membros do Instituto Lula, como Clara Ant. &#8220;A Clara tava dormindo sozinha quando entrou cinco homens l\u00e1 dentro, ela pensou que era presente de Deus, era a Policia Federal, sabe? ent\u00e3o&#8230;(risos)&#8221;.<\/p>\n<p>Dilma respondeu: &#8220;Ela pensou que era um presente de Deus? (risos)&#8221;<\/p>\n<p>&#8220;Ent\u00e3o \u00e9 isso Dilma, eu acho que foi um espet\u00e1culo de pirotecnia. A tese deles \u00e9 de que tudo que t\u00e1 acontecendo foi uma quadrilha montada em 2003 e que portanto, sabe, ela perdura at\u00e9 hoje, sabe? E dentro do Pal\u00e1cio, \u00e9 a tese deles, \u00e9 a tese deles. Ent\u00e3o eles n\u00e3o precisam de explica\u00e7\u00e3o, como a teoria do dom\u00ednio do fato n\u00e3o precisava de explica\u00e7\u00e3o, o crime estava dado, agora \u00e9 o seguinte a imprensa diz que \u00e9 criminoso e eles colocam em pr\u00e1tica&#8221;, criticou Lula.<\/p>\n<p><strong>Janot<\/strong><br \/>Em relat\u00f3rio feito a partir dos \u00e1udios, a PF traz trecho em que Lula comenta com Luiz Carlos Sigmaringa Seixas que Rodrigo Janot, procurador-geral da Rep\u00fablica, recusou quatro pedidos de investiga\u00e7\u00e3o do senador A\u00e9cio Neves, mas aceitou um \u00fanico contra ele.<\/p>\n<p>\u201cEm seguida, Lula sugere que Janot, como forma de gratid\u00e3o por ter sido nomeado por ele, n\u00e3o poderia ter aceitado o pedido de investiga\u00e7\u00e3o: \u2018Essa \u00e9 a gratid\u00e3o&#8230;Essa \u00e9 a gratid\u00e3o dele por ele ser Procurador\u2019\u201d, afirmou Lula, segundo a PF.<\/p>\n<p>Conforme os investigadores, Sigmaringa Seixas sugere utilizar a imprensa para constranger Janot, ao que Lula responde: \u201cEnt\u00e3o conversa com o Cristiano\u201d. A conversa termina em seguida.<\/p>\n<p><strong>Procurador de Rond\u00f4nia<\/strong><br \/>Segundo a interpreta\u00e7\u00e3o da Pol\u00edcia Federal, em uma conversa com o ex-ministro Paulo Vanuchi, Lula sugere levantar provas para acusar o procurador de Rond\u00f4nia Douglas Kirchner, que foi acusado de participar de castigos contra a pr\u00f3pria mulher. O caso foi arquivado pelo Conselho Superior do Minist\u00e9rio P\u00fablico Federal. Kirchner investiga Lula em um caso de suposto tr\u00e1fico de influ\u00eancia para favorecer empreiteiras a conseguir empr\u00e9stimos com o BNDES.<\/p>\n<p><strong>Lula<\/strong>: &#8220;N\u00f3s vamos pegar esse de Rond\u00f4nia agora, eu vou colocar a F\u00e1tima Bezerra e a Maria do Ros\u00e1rio em cima dele&#8221;.<\/p>\n<p><strong>Paulo Vannuchi<\/strong>: &#8220;\u00c9 isso mesmo!&#8221;.<\/p>\n<p><strong>Lula<\/strong>: &#8220;Sabe porque, eu at\u00e9 tirei um sarro da Clara Ant de ficar procurando o que fazer, faz um movimento das mulheres, contra esse f.. d. p&#8230;! Ele batia na mulher, levava a mulher no culto religioso, deixava ela sem comer, dava chibatada nela, sabe?! Cad\u00ea as \u201cmulher de grelo duro\u201d l\u00e1 do nosso partido?!&#8221;<\/p>\n<p><strong>Paulo Vannuchi<\/strong>: &#8220;(risos) \u00c9 isso, mestre!&#8221;<\/p>\n<p><strong>Fim do sigilo<\/strong><br \/>Segundo Moro, o \u201clevantamento [do sigilo] propiciar\u00e1 assim n\u00e3o s\u00f3 o exerc\u00edcio da ampla defesa pelos investigados, mas tamb\u00e9m o saud\u00e1vel escrut\u00ednio p\u00fablico sobre a atua\u00e7\u00e3o da Administra\u00e7\u00e3o P\u00fablica e da pr\u00f3pria Justi\u00e7a criminal\u201d. \u201cA democracia em uma sociedade livre exige que os governados saibam o que fazem os governantes, mesmo quando estes buscam agir protegidos pelas sombras\u201d, escreveu.<\/p>\n<p>Ainda conforme o magistrado, o sigilo tamb\u00e9m n\u00e3o se justifica em raz\u00e3o de a \u201cprova ser resultante de intercepta\u00e7\u00e3o telef\u00f4nica\u201d. \u201cSigilo absoluto sobre esta deve ser mantido em rela\u00e7\u00e3o a di\u00e1logos de conte\u00fado pessoal inadvertidamente interceptados, preservando-se a intimidade, mas jamais, \u00e0 luz do art. 5\u00ba, LX, e art. 93, IX, da Constitui\u00e7\u00e3o Federal, sobre di\u00e1logos relevantes para investiga\u00e7\u00e3o de supostos crimes contra a Administra\u00e7\u00e3o P\u00fablica\u201d, argumentou.<\/p>\n<p><strong>Envio ao STF<\/strong><br \/>Ao fim do despacho, Moro informa que, diante da not\u00edcia de que Lula aceitou convite para ocupar o cargo de ministro chefe da Casa Civil, as investiga\u00e7\u00f5es ser\u00e3o enviadas ao Supremo Tribunal Federal. O material deve ser enviado ap\u00f3s a posse, que est\u00e1 marcada para ter\u00e7a-feira (22).<\/p>\n<p>Fonte: G1<\/p>\n","protected":false},"excerpt":{"rendered":"<p>O juiz S\u00e9rgio Moro retirou nesta quarta-feira (16) o sigilo de intercepta\u00e7\u00f5es telef\u00f4nicas do ex-presidente Luiz In\u00e1cio Lula da Silva. As conversas gravadas pela Pol\u00edcia&#8230;<\/p>\n","protected":false},"author":1182,"featured_media":18128,"comment_status":"closed","ping_status":"closed","sticky":false,"template":"","format":"standard","meta":{"footnotes":""},"categories":[6],"tags":[],"class_list":["post-18768","post","type-post","status-publish","format-standard","has-post-thumbnail","hentry","category-noticias"],"_links":{"self":[{"href":"https:\/\/www.sincomam.org.br\/index.php\/wp-json\/wp\/v2\/posts\/18768","targetHints":{"allow":["GET"]}}],"collection":[{"href":"https:\/\/www.sincomam.org.br\/index.php\/wp-json\/wp\/v2\/posts"}],"about":[{"href":"https:\/\/www.sincomam.org.br\/index.php\/wp-json\/wp\/v2\/types\/post"}],"author":[{"embeddable":true,"href":"https:\/\/www.sincomam.org.br\/index.php\/wp-json\/wp\/v2\/users\/1182"}],"replies":[{"embeddable":true,"href":"https:\/\/www.sincomam.org.br\/index.php\/wp-json\/wp\/v2\/comments?post=18768"}],"version-history":[{"count":1,"href":"https:\/\/www.sincomam.org.br\/index.php\/wp-json\/wp\/v2\/posts\/18768\/revisions"}],"predecessor-version":[{"id":18769,"href":"https:\/\/www.sincomam.org.br\/index.php\/wp-json\/wp\/v2\/posts\/18768\/revisions\/18769"}],"wp:featuredmedia":[{"embeddable":true,"href":"https:\/\/www.sincomam.org.br\/index.php\/wp-json\/wp\/v2\/media\/18128"}],"wp:attachment":[{"href":"https:\/\/www.sincomam.org.br\/index.php\/wp-json\/wp\/v2\/media?parent=18768"}],"wp:term":[{"taxonomy":"category","embeddable":true,"href":"https:\/\/www.sincomam.org.br\/index.php\/wp-json\/wp\/v2\/categories?post=18768"},{"taxonomy":"post_tag","embeddable":true,"href":"https:\/\/www.sincomam.org.br\/index.php\/wp-json\/wp\/v2\/tags?post=18768"}],"curies":[{"name":"wp","href":"https:\/\/api.w.org\/{rel}","templated":true}]}}