{"id":18766,"date":"2016-03-17T00:00:52","date_gmt":"2016-03-17T03:00:52","guid":{"rendered":"http:\/\/www.sincomam.org.br\/?p=18766"},"modified":"2016-03-16T21:32:12","modified_gmt":"2016-03-17T00:32:12","slug":"caixa-faz-reestruturacao-corta-funcoes-e-muda-gestao-em-sua-matriz","status":"publish","type":"post","link":"https:\/\/www.sincomam.org.br\/index.php\/caixa-faz-reestruturacao-corta-funcoes-e-muda-gestao-em-sua-matriz\/","title":{"rendered":"Caixa faz reestrutura\u00e7\u00e3o, corta fun\u00e7\u00f5es e muda gest\u00e3o em sua matriz"},"content":{"rendered":"<p><span>A Caixa Econ\u00f4mica Federal<\/span><a class=\"premium-tip\" href=\"http:\/\/g1.globo.com\/tudo-sobre\/caixa-economica-federal\/\">\u00a0<\/a><span>est\u00e1 promovendo mudan\u00e7as no seu \u201cmodelo de gest\u00e3o\u201d para reduzir custos. A princ\u00edpio, medida atinge a sua matriz, em Bras\u00edlia.<\/span><\/p>\n<p><span><span>De acordo com o Sindicato dos Banc\u00e1rios de Bras\u00edlia, entre as a\u00e7\u00f5es implementadas pelo banco, controlado pelo governo federal, est\u00e1 o corte de cargos comissionados ou fun\u00e7\u00f5es (exercidas por funcion\u00e1rios e que geram aumento de sal\u00e1rio) e transfer\u00eancia de 570 dos cerca de 5 mil empregados da matriz.<br \/><\/span><\/span><\/p>\n<p>Sindicalistas e representantes de funcion\u00e1rios da Caixa s\u00e3o contra a reestrutura\u00e7\u00e3o e prometem reagir para pressionar a dire\u00e7\u00e3o do banco a voltar atr\u00e1s.<\/p>\n<p>\u201cDisseram que querem tornar a empresa mais eficiente, a \u00fanica justificativa foi essa. Mas o que a gente tem visto \u00e9 que \u00e9 uma busca de economia mesmo, querem economizar dinheiro da opera\u00e7\u00e3o\u201d, disse diretor do sindicato, Wandeir Severo, que \u00e9 funcion\u00e1rio da Caixa.<\/p>\n<p><strong>Redu\u00e7\u00e3o de gastos<\/strong><br \/>Segundo Severo, a Caixa n\u00e3o informou um valor oficial da economia pretendida com as medidas. Ele apontou, por\u00e9m, que esse valor pode chegar a R$ 130 milh\u00f5es por ano.<\/p>\n<p>O diretor do sindicato disse ainda que as mudan\u00e7as, comunicadas pela dire\u00e7\u00e3o do banco aos empregados na quinta passada (10), est\u00e3o provocando \u201cclima de terror.\u201d<\/p>\n<p>De acordo com ele, a perda de fun\u00e7\u00e3o ou cargo comissionado pode representar corte de at\u00e9 2\/3 no sal\u00e1rio de alguns dos funcion\u00e1rios atingidos.<\/p>\n<p>O\u00a0<strong>G1<\/strong>\u00a0procurou a Caixa e perguntou se o banco confirmava as informa\u00e7\u00f5es de corte em cargos comissionados e realoca\u00e7\u00e3o de funcion\u00e1rios.<\/p>\n<p>Em resposta, o banco informou que a reestrutura\u00e7\u00e3o \u00e9 \u201cuma mudan\u00e7a no modelo de gest\u00e3o da Caixa para tornar sua matriz mais estrat\u00e9gica, refor\u00e7ar suas \u00e1reas de apoio operacional e dar melhores condi\u00e7\u00f5es para que as ag\u00eancias realizem neg\u00f3cios e aprimorem o atendimento aos clientes.\u201d<\/p>\n<p>O banco informou ainda que \u201cest\u00e1 compatibilizando as necessidades da empresa com o perfil e experi\u00eancia de seus empregados.\u201d E que \u201cas adequa\u00e7\u00f5es em sua estrutura v\u00e3o racionalizar processos, melhorar a gest\u00e3o estrat\u00e9gica, operacional e negocial do banco.\u201d<\/p>\n<p><strong>Resultado de 2015<\/strong><br \/>De acordo com o sindicato, a reestrutura\u00e7\u00e3o foi comunicada aos funcion\u00e1rios na semana passada, dois dias antes de a presidente da Caixa, Miriam Belchior, anunciar que o banco registrou no ano passado lucro l\u00edquido de R$ 7,2 bilh\u00f5es. O resultado de 2015, 0,9% superior ao obtido em 2014.<\/p>\n<p>No mesmo dia em que anunciou seu resultado, a Caixa tamb\u00e9m apresentou medidas de est\u00edmulo ao cr\u00e9dito imobili\u00e1rio, com aumento da cota de financiamento de im\u00f3veis usados e reabertura do financiamento do segundo im\u00f3vel.<\/p>\n<p>O banco vai aumentar a cota de financiamento de im\u00f3veis usados, que dever\u00e1 alavancar o mercado como um todo. De acordo com a Caixa, hoje \u00e9 poss\u00edvel financiar at\u00e9 50% do valor do im\u00f3vel usado \u2013 fatia que vai passar a 70%.<\/p>\n<p><span><br \/>Fonte: G1<\/span><\/p>\n","protected":false},"excerpt":{"rendered":"<p>A Caixa Econ\u00f4mica Federal\u00a0est\u00e1 promovendo mudan\u00e7as no seu \u201cmodelo de gest\u00e3o\u201d para reduzir custos. A princ\u00edpio, medida atinge a sua matriz, em Bras\u00edlia. De acordo&#8230;<\/p>\n","protected":false},"author":1182,"featured_media":18713,"comment_status":"closed","ping_status":"closed","sticky":false,"template":"","format":"standard","meta":{"footnotes":""},"categories":[6],"tags":[],"class_list":["post-18766","post","type-post","status-publish","format-standard","has-post-thumbnail","hentry","category-noticias"],"_links":{"self":[{"href":"https:\/\/www.sincomam.org.br\/index.php\/wp-json\/wp\/v2\/posts\/18766","targetHints":{"allow":["GET"]}}],"collection":[{"href":"https:\/\/www.sincomam.org.br\/index.php\/wp-json\/wp\/v2\/posts"}],"about":[{"href":"https:\/\/www.sincomam.org.br\/index.php\/wp-json\/wp\/v2\/types\/post"}],"author":[{"embeddable":true,"href":"https:\/\/www.sincomam.org.br\/index.php\/wp-json\/wp\/v2\/users\/1182"}],"replies":[{"embeddable":true,"href":"https:\/\/www.sincomam.org.br\/index.php\/wp-json\/wp\/v2\/comments?post=18766"}],"version-history":[{"count":1,"href":"https:\/\/www.sincomam.org.br\/index.php\/wp-json\/wp\/v2\/posts\/18766\/revisions"}],"predecessor-version":[{"id":18767,"href":"https:\/\/www.sincomam.org.br\/index.php\/wp-json\/wp\/v2\/posts\/18766\/revisions\/18767"}],"wp:featuredmedia":[{"embeddable":true,"href":"https:\/\/www.sincomam.org.br\/index.php\/wp-json\/wp\/v2\/media\/18713"}],"wp:attachment":[{"href":"https:\/\/www.sincomam.org.br\/index.php\/wp-json\/wp\/v2\/media?parent=18766"}],"wp:term":[{"taxonomy":"category","embeddable":true,"href":"https:\/\/www.sincomam.org.br\/index.php\/wp-json\/wp\/v2\/categories?post=18766"},{"taxonomy":"post_tag","embeddable":true,"href":"https:\/\/www.sincomam.org.br\/index.php\/wp-json\/wp\/v2\/tags?post=18766"}],"curies":[{"name":"wp","href":"https:\/\/api.w.org\/{rel}","templated":true}]}}