{"id":18762,"date":"2016-03-17T00:08:08","date_gmt":"2016-03-17T03:08:08","guid":{"rendered":"http:\/\/www.sincomam.org.br\/?p=18762"},"modified":"2016-03-16T21:28:00","modified_gmt":"2016-03-17T00:28:00","slug":"crise-no-brasil-afeta-resultados-globais-da-gerdau","status":"publish","type":"post","link":"https:\/\/www.sincomam.org.br\/index.php\/crise-no-brasil-afeta-resultados-globais-da-gerdau\/","title":{"rendered":"Crise no Brasil afeta resultados globais da Gerdau"},"content":{"rendered":"<div data-template-placeholder=\"content-placeholder\">\n<p>A crise nos setores automotivo e de constru\u00e7\u00e3o no Brasil prejudicou os resultados do grupo Gerdau, que divulgou preju\u00edzo de 41 milh\u00f5es de reais no 4o trimestre de 2015.<\/p>\n<p>Por conta da dificuldade do mercado tanto no pa\u00eds quanto no exterior, a empresa\u00a0\u00a0divulgou um investimento\u00a0previsto para este ano de 1,5 bilh\u00e3o de reais, 35% menor do que o que foi aplicado no ano passado. Ela ir\u00e1 investir apenas na finaliza\u00e7\u00e3o de projetos que j\u00e1 foram iniciados e na manuten\u00e7\u00e3o de suas f\u00e1bricas.<\/p>\n<p>No Brasil, os setores de ind\u00fastria, constru\u00e7\u00e3o civil e automotivo, principais consumidores de a\u00e7o\u00a0da Gerdau, tamb\u00e9m s\u00e3o os mais afetados pela crise econ\u00f4mica.\u00a0<\/p>\n<p>A receita l\u00edquida da opera\u00e7\u00e3o brasileira caiu 28,6% em rela\u00e7\u00e3o ao ano anterior. Al\u00e9m disso, as vendas do a\u00e7o produzido no Brasil para o mercado interno ca\u00edram 39,9%.<\/p>\n<p>O pa\u00eds responde por 29% do total de receitas l\u00edquidas do grupo &#8211; portanto, o impacto no balan\u00e7o do grupo foi bastante alto. Andr\u00e9 B. Gerdau Johannpeter, presidente da companhia, afirmou que a demanda deve cair ainda mais por aqui em 2016.\u00a0<\/p>\n<p>Por outro lado, o que ajudou a equilibrar a opera\u00e7\u00e3o brasileira foi o aumento de 52% nas exporta\u00e7\u00f5es, impulsionadas pelo c\u00e2mbio.<\/p>\n<p>Mas essa n\u00e3o foi a \u00fanica dificuldade que a companhia enfrentou no ano que se passou. O grupo Gerdau realizou ajustes na produ\u00e7\u00e3o, paralisando fornos, sofreu com a concorr\u00eancia chinesa e est\u00e1 sendo investigado pela Opera\u00e7\u00e3o Zelotes da Pol\u00edcia Federal.<\/p>\n<h3>Fornos parados<\/h3>\n<p>Por conta da diminui\u00e7\u00e3o de demanda, desde o final de 2014 a empresa vem fazendo ajustes em sua produ\u00e7\u00e3o no Brasil. Paralisou por algum tempo, a produ\u00e7\u00e3o em algumas usinas, por exemplo. Em outras, diminuiu o ritmo, ligando os fornos apenas em 5 dias da semana, ao inv\u00e9s de 7.<\/p>\n<p>Em 2015, a empresa operou com 65% a 70% de sua capacidade instalada. Johannpeter n\u00e3o especificou que plantas foram paralisadas ou quais sofreram paradas importantes. Esse ano, a demanda por a\u00e7o dever\u00e1 cair de 6% a 8%, disse o presidente, mas ele acredita que os ajustes necess\u00e1rios j\u00e1 foram feitos.<\/p>\n<h3>Queda mundial<\/h3>\n<p>Segundo a sider\u00fargica, a queda na demanda n\u00e3o foi apenas no Brasil. Em 2015, a produ\u00e7\u00e3o caiu 2,8% no mundo todo e a ind\u00fastria global trabalhou com 69,7% da capacidade instalada, em m\u00e9dia, contra 73,4% em 2014.\u00a0<\/p>\n<p>A situa\u00e7\u00e3o dever\u00e1 se estabilizar este ano. Nas economias emergentes e em desenvolvimento, o consumo de a\u00e7o dever\u00e1 crescer 3,8%. J\u00e1 nas economias desenvolvidas, a alta ser\u00e1 de 1,8% no ano.<\/p>\n<h3>Excesso de a\u00e7o chin\u00eas<\/h3>\n<p>O grande desafio do mercado mundial de a\u00e7o, por\u00e9m, \u00e9 em rela\u00e7\u00e3o ao pre\u00e7o do produto.A China, que deve ter uma redu\u00e7\u00e3o de 2% na demanda em 2016, \u00e9 o pa\u00eds com a maior capacidade ociosa instalada.\u00a0<\/p>\n<p>&#8220;Por isso, a grande produ\u00e7\u00e3o chinesa impacta no pre\u00e7o do a\u00e7o em todo o mundo\u201d, diz Johannpeter. A Am\u00e9rica Latina recebeu muito a\u00e7o importado da China, afirma ele, o que prejudicou as receitas da Gerdau por aqui.\u00a0<\/p>\n<h3>Ativos menos valiosos<\/h3>\n<p>Al\u00e9m das quedas de vendas, a empresa tamb\u00e9m registrou perdas relacionadas a queda no valor de seus ativos. Ela apresentou perdas de 3,1 bilh\u00f5es de reais nesse sentido, que n\u00e3o t\u00eam efeito no caixa da empresa.\u00a0<\/p>\n<p>Especificamente na opera\u00e7\u00e3o do Brasil, as perdas foram resultantes da redu\u00e7\u00e3o da demanda e das paradas de produ\u00e7\u00e3o em algumas unidades.<\/p>\n<h3>Opera\u00e7\u00e3o Zelotes<\/h3>\n<p>O grupo est\u00e1 sendo investigado pela Opera\u00e7\u00e3o Zelotes da Pol\u00edcia Federal, o que levou a empresa a inclusive adiar a divulga\u00e7\u00e3o do balan\u00e7o de resultados. Em fevereiro desde ano, algumas sedes do grupo sider\u00fargico foram visitadas pela Pol\u00edcia Federal, que realizou mandados de busca e apreens\u00e3o.<\/p>\n<p>A suspeita era de que o grupo tinha sonegado at\u00e9 1,5 bilh\u00e3o de reais e que teria comprado decis\u00f5es no Conselho Administrativo de Recursos Fiscais (Carf), \u00f3rg\u00e3o ligado ao Minist\u00e9rio da Fazenda que julga recursos de grandes contribuintes a multas aplicadas pela Receita Federal.<\/p>\n<p>Em comunicado, a empresa afirmou que &#8220;os contratos com esses escrit\u00f3rios externos foram firmados com cl\u00e1usula que determina absoluto respeito \u00e0 legalidade, cujo descumprimento acarreta na imediata rescis\u00e3o\u201d.<\/p>\n<h3>Al\u00edvio<\/h3>\n<p>As receitas vindas da Am\u00e9rica do Norte foram um al\u00edvio para a companhia no \u00faltimo trimestre. Tanto a produ\u00e7\u00e3o quanto as vendas no continente ca\u00edram. No entanto, como as vendas s\u00e3o feitas em d\u00f3lar, ao fazer a convers\u00e3o do c\u00e2mbio, as receitas em real cresceram 18,3% em 2015 em rela\u00e7\u00e3o ao ano anterior.<\/p>\n<p>A opera\u00e7\u00e3o corresponde, hoje, a 38,7% das receitas de todo o grupo e \u00e9 um suporte importante para os resultados da companhia.<\/p>\n<\/div>\n<p class=\"article-topics\">Fonte: Exame<br \/><strong><\/strong><\/p>\n","protected":false},"excerpt":{"rendered":"<p>A crise nos setores automotivo e de constru\u00e7\u00e3o no Brasil prejudicou os resultados do grupo Gerdau, que divulgou preju\u00edzo de 41 milh\u00f5es de reais no&#8230;<\/p>\n","protected":false},"author":1182,"featured_media":17971,"comment_status":"closed","ping_status":"closed","sticky":false,"template":"","format":"standard","meta":{"footnotes":""},"categories":[6],"tags":[],"class_list":["post-18762","post","type-post","status-publish","format-standard","has-post-thumbnail","hentry","category-noticias"],"_links":{"self":[{"href":"https:\/\/www.sincomam.org.br\/index.php\/wp-json\/wp\/v2\/posts\/18762","targetHints":{"allow":["GET"]}}],"collection":[{"href":"https:\/\/www.sincomam.org.br\/index.php\/wp-json\/wp\/v2\/posts"}],"about":[{"href":"https:\/\/www.sincomam.org.br\/index.php\/wp-json\/wp\/v2\/types\/post"}],"author":[{"embeddable":true,"href":"https:\/\/www.sincomam.org.br\/index.php\/wp-json\/wp\/v2\/users\/1182"}],"replies":[{"embeddable":true,"href":"https:\/\/www.sincomam.org.br\/index.php\/wp-json\/wp\/v2\/comments?post=18762"}],"version-history":[{"count":1,"href":"https:\/\/www.sincomam.org.br\/index.php\/wp-json\/wp\/v2\/posts\/18762\/revisions"}],"predecessor-version":[{"id":18763,"href":"https:\/\/www.sincomam.org.br\/index.php\/wp-json\/wp\/v2\/posts\/18762\/revisions\/18763"}],"wp:featuredmedia":[{"embeddable":true,"href":"https:\/\/www.sincomam.org.br\/index.php\/wp-json\/wp\/v2\/media\/17971"}],"wp:attachment":[{"href":"https:\/\/www.sincomam.org.br\/index.php\/wp-json\/wp\/v2\/media?parent=18762"}],"wp:term":[{"taxonomy":"category","embeddable":true,"href":"https:\/\/www.sincomam.org.br\/index.php\/wp-json\/wp\/v2\/categories?post=18762"},{"taxonomy":"post_tag","embeddable":true,"href":"https:\/\/www.sincomam.org.br\/index.php\/wp-json\/wp\/v2\/tags?post=18762"}],"curies":[{"name":"wp","href":"https:\/\/api.w.org\/{rel}","templated":true}]}}