{"id":18758,"date":"2016-03-17T00:10:41","date_gmt":"2016-03-17T03:10:41","guid":{"rendered":"http:\/\/www.sincomam.org.br\/?p=18758"},"modified":"2016-03-16T18:45:21","modified_gmt":"2016-03-16T21:45:21","slug":"dolar-muda-direcao-e-fecha-em-baixa-apos-subir-a-r-385","status":"publish","type":"post","link":"https:\/\/www.sincomam.org.br\/index.php\/dolar-muda-direcao-e-fecha-em-baixa-apos-subir-a-r-385\/","title":{"rendered":"D\u00f3lar muda dire\u00e7\u00e3o e fecha em baixa, ap\u00f3s subir a R$ 3,85"},"content":{"rendered":"<p>O d\u00f3lar fechou em queda nesta quarta-feira (16), ap\u00f3s subir boa parte do dia, reagindo, primeiro \u00e0 expectativa e depois \u00e0 confirma\u00e7\u00e3o de que o ex-presidente Luiz In\u00e1cio Lula da Silva ser\u00e1 o novo chefe da Casa Civil<a href=\"http:\/\/g1.globo.com\/politica\/noticia\/2016\/03\/planalto-anuncia-lula-como-novo-ministro-da-casa-civil.html\">.<\/a>\u00a0A moeda passou a cair ap\u00f3s o BC norte-americano projetar menos altas de juros neste ano, o que em tese favorece mercados emergentes.<\/p>\n<p>Para analistas ouvidos, o momento \u00e9 de forte especula\u00e7\u00e3o, sem um direcionamento claro, pautado tanto pelo cen\u00e1rio externo quando pelo quadro pol\u00edtico conturbado.<\/p>\n<p>A moeda norte-americana caiu 0,63%, vendida a R$ 3,7391, ap\u00f3s atingir R$ 3,8542 na m\u00e1xima do dia, segundo a Reuters. \u00a0Na semana, a moeda acumula alta de 4,12%. Em mar\u00e7o, contudo, o d\u00f3lar recua 6,6% e, no acumulado de 2016, cai 5,59%.<\/p>\n<p><span>O Pal\u00e1cio do Planalto anunciou nesta quarta a nomea\u00e7\u00e3o do ex-presidente Lula como ministro da Casa Civil, no lugar de Jaques Wagner, que ser\u00e1 deslocado para a chefia de gabinete da presidente. Ap\u00f3s a conforma\u00e7\u00e3o, o d\u00f3lar acelerou a alta e atingiu as m\u00e1ximas do dia, para em seguida perder f\u00f4lego.<\/span><\/p>\n<p>Para analistas e economistas ouvidos,\u00a0a entrada de Lula adiciona mais d\u00favidas e incertezas na economia. O mercado n\u00e3o descarta mudan\u00e7as de dire\u00e7\u00e3o na economia e enxerga riscos de uma guinada \u00e0 esqueda da pol\u00edtica econ\u00f4mica, com medidas na dire\u00e7\u00e3o contr\u00e1ria ao ajuste fiscal.<\/p>\n<p>Os investidores aguardam, no entanto, sinais mais claros de quais ser\u00e3o os pr\u00f3ximos passos no cen\u00e1rio pol\u00edtico.\u00a0<\/p>\n<p><strong>Rumores sobre sa\u00edda de Tombini<\/strong><br \/>A presidente Dilma Rousseff negou nesta tarde trocas no primeiro escal\u00e3o da equipe econ\u00f4mica do governo, ap\u00f3s a nomea\u00e7\u00e3o de Lula. Segundo a presidente, o ministro da Fazenda, Nelson Barbosa, e o presidente do Banco Central, Alexandre Tombini ,&#8221;est\u00e3o mais dentro do que nunca&#8221;.<\/p>\n<p>O humor do mercado tamb\u00e9m esteve sob influ\u00eancia dos rumores de que o presidente do Banco Central, Alexandre Tombini possa deixar o cargo.<\/p>\n<p><strong>Mercado est\u00e1 &#8216;perdido&#8217;, diz analista<\/strong><br \/>O economista-chefe da Gradual Investimentos, Andr\u00e9 Perfeito, disse ao\u00a0<strong>G1<\/strong>\u00a0que a mudan\u00e7a de humor dos investidores para um vi\u00e9s mais otimista surpreendeu. \u201cO mercado est\u00e1 mais perdido que cachorro em dia de mudan\u00e7a. Est\u00e1 muito no campo da especula\u00e7\u00e3o\u201d, avalia.<\/p>\n<p>Para o analista, a decis\u00e3o do Fed de manter os juros e a alta do petr\u00f3leo hoje ajudaram a derrubar o d\u00f3lar no fim do dia, em queda frente \u00e0 maioria das moedas emergentes. Mas os \u00e2nimos tamb\u00e9m podem ter melhorado com o cen\u00e1rio dom\u00e9stico, apesar do pessimismo com o an\u00fancio de Lula como ministro..<\/p>\n<p>\u201cPode ser que o mercado tenha visto os rumores sobre a poss\u00edvel volta de Henrique Meirelles \u00e0 equipe econ\u00f4mica como um sinal de uma gest\u00e3o mais profissional e a ideia de que Lula como ministro poderia pacificar um pouco a situa\u00e7\u00e3o\u201d, analisa.<\/p>\n<p>De acordo com a Reuters, a confirma\u00e7\u00e3o de Lula como novo ministro n\u00e3o traz alento \u00e0s perspectivas econ\u00f4micas, mas havia sido antecipada em grande parte na v\u00e9spera, o que atenuou o efeito nesta sess\u00e3o, quando a bolsa paulista ainda encontrou suporte no Fed e nos pre\u00e7os de commodities.<\/p>\n<p>&#8220;O mercado est\u00e1 muito vol\u00e1til e guiado pelo notici\u00e1rio. N\u00e3o descartamos mudan\u00e7as s\u00fabitas de dire\u00e7\u00e3o (do c\u00e2mbio) no caso de novos acontecimentos \u2013 algo que n\u00e3o \u00e9 dif\u00edcil de encontrar no Brasil hoje em dia&#8221;, escreveram estrategistas do banco BNP Paribas em nota a clientes.<\/p>\n<p>Analistas consultados pela Reuters afirmam que seria infrut\u00edfero usar as reservas internacionais para enfrentar a crise econ\u00f4mica\u00a0no Brasil, como sinalizado pelo governo recentemente. Segundo eles, isso aumentaria o descr\u00e9dito com o pa\u00eds e teria consequ\u00eancias inflacion\u00e1rias.<\/p>\n<p><strong>Cen\u00e1rio externo<\/strong><br \/>O FED passou a ver duas altas de juros de 0,25 ponto percentual neste ano, contra quatro nas previs\u00f5es divulgadas em dezembro. Al\u00e9m disso, membros do banco central reduziram suas proje\u00e7\u00f5es para as taxas apropriadas ao fim deste ano e dos pr\u00f3ximos.<\/p>\n<p>Os juros futuros nos EUA passaram a mostrar chances menores de aumentos de juros nos pr\u00f3ximos meses, com probabilidade de 40% de eleva\u00e7\u00e3o em junho e 74% em dezembro, contra 50 e 82%, respectivamente.<\/p>\n<p>Ao demorar a elevar os juros, o Fed n\u00e3o aumenta a atratividade de ativos financeiros norte-americanos e evita sa\u00edda de d\u00f3lares de outros mercados tidos como menos seguros, como o Brasil.<\/p>\n<p><strong>Atua\u00e7\u00e3o do BC<\/strong><br \/>Nesta manh\u00e3, o BC realizou mais um leil\u00e3o de rolagem dos swaps que vencem em abril com venda integral dos 9,6 mil contratos. At\u00e9 o momento, o BC j\u00e1 rolou US$ 5,535 bilh\u00f5es, ou cerca de 5% do lote total para abril, que equivale a US$ 10,092 bilh\u00f5es.<\/p>\n<p><strong>V\u00e9spera<\/strong><br \/>Na v\u00e9spera, o d\u00f3lar avan\u00e7ou 3,03%, cotada a R$ 3,763 \u2013 a maior alta desde 13 de outubro de 2015 (3,58%). A moeda dos EUA acumula alta de 4,79% s\u00f3 nesta semana, diante do novo cen\u00e1rio pol\u00edtico, sendo que havia despencado 10,30% neste m\u00eas at\u00e9 o fim da semana passada.<\/p>\n<p>Fonte: G1<\/p>\n","protected":false},"excerpt":{"rendered":"<p>O d\u00f3lar fechou em queda nesta quarta-feira (16), ap\u00f3s subir boa parte do dia, reagindo, primeiro \u00e0 expectativa e depois \u00e0 confirma\u00e7\u00e3o de que o&#8230;<\/p>\n","protected":false},"author":1182,"featured_media":18080,"comment_status":"closed","ping_status":"closed","sticky":false,"template":"","format":"standard","meta":{"footnotes":""},"categories":[6],"tags":[],"class_list":["post-18758","post","type-post","status-publish","format-standard","has-post-thumbnail","hentry","category-noticias"],"_links":{"self":[{"href":"https:\/\/www.sincomam.org.br\/index.php\/wp-json\/wp\/v2\/posts\/18758","targetHints":{"allow":["GET"]}}],"collection":[{"href":"https:\/\/www.sincomam.org.br\/index.php\/wp-json\/wp\/v2\/posts"}],"about":[{"href":"https:\/\/www.sincomam.org.br\/index.php\/wp-json\/wp\/v2\/types\/post"}],"author":[{"embeddable":true,"href":"https:\/\/www.sincomam.org.br\/index.php\/wp-json\/wp\/v2\/users\/1182"}],"replies":[{"embeddable":true,"href":"https:\/\/www.sincomam.org.br\/index.php\/wp-json\/wp\/v2\/comments?post=18758"}],"version-history":[{"count":1,"href":"https:\/\/www.sincomam.org.br\/index.php\/wp-json\/wp\/v2\/posts\/18758\/revisions"}],"predecessor-version":[{"id":18759,"href":"https:\/\/www.sincomam.org.br\/index.php\/wp-json\/wp\/v2\/posts\/18758\/revisions\/18759"}],"wp:featuredmedia":[{"embeddable":true,"href":"https:\/\/www.sincomam.org.br\/index.php\/wp-json\/wp\/v2\/media\/18080"}],"wp:attachment":[{"href":"https:\/\/www.sincomam.org.br\/index.php\/wp-json\/wp\/v2\/media?parent=18758"}],"wp:term":[{"taxonomy":"category","embeddable":true,"href":"https:\/\/www.sincomam.org.br\/index.php\/wp-json\/wp\/v2\/categories?post=18758"},{"taxonomy":"post_tag","embeddable":true,"href":"https:\/\/www.sincomam.org.br\/index.php\/wp-json\/wp\/v2\/tags?post=18758"}],"curies":[{"name":"wp","href":"https:\/\/api.w.org\/{rel}","templated":true}]}}