{"id":18750,"date":"2016-03-17T00:00:14","date_gmt":"2016-03-17T03:00:14","guid":{"rendered":"http:\/\/www.sincomam.org.br\/?p=18750"},"modified":"2016-03-17T11:23:32","modified_gmt":"2016-03-17T14:23:32","slug":"governo-amplia-repetro-e-da-mais-incentivo-ao-setor-de-petroleo","status":"publish","type":"post","link":"https:\/\/www.sincomam.org.br\/index.php\/governo-amplia-repetro-e-da-mais-incentivo-ao-setor-de-petroleo\/","title":{"rendered":"Governo amplia Repetro e d\u00e1 mais incentivo ao setor de petr\u00f3leo"},"content":{"rendered":"<p>A edi\u00e7\u00e3o do Di\u00e1rio Oficial da Uni\u00e3o desta quarta-feira trouxe a publica\u00e7\u00e3o da Resolu\u00e7\u00e3o n\u00famero 2 de 2016 do Conselho Nacional de Pol\u00edtica Energ\u00e9tica (CNPE) com a amplia\u00e7\u00e3o do regime tribut\u00e1rio especial do setor de petr\u00f3leo (Repetro) para al\u00e9m de 2019 e outras medidas de incentivo \u00e0s petroleiras.<\/p>\n<p>Conforme antecipado pelo GLOBO na sexta-feira, a resolu\u00e7\u00e3o foi assinada na semana passada pelo ministro Eduardo Braga, que espera destravar US$ 120 bilh\u00f5es em investimentos no setor de petr\u00f3leo com essas medidas e outras que j\u00e1 foram tomadas ou ainda por concluir.<\/p>\n<p>Al\u00e9m de indicar a amplia\u00e7\u00e3o do Repetro \u2014 cujo novo prazo espec\u00edfico ainda ser\u00e1 definido pelo Minist\u00e9rio da Fazenda \u2014, a medida publicada hoje prev\u00ea a amplia\u00e7\u00e3o dos contratos da Rodada Zero, de 1998, em at\u00e9 27 anos, \u201capenas para os campos cuja extens\u00e3o do prazo de produ\u00e7\u00e3o se mostre vi\u00e1vel para al\u00e9m do per\u00edodo contratual original\u201d. Entre esses campos que podem ter contratos prorrogados est\u00e1 Marlim e outros da Bacia de Campos.<\/p>\n<p>O pre\u00e2mbulo da resolu\u00e7\u00e3o publicada hoje pelo CNPE explica que \u201co atual cen\u00e1rio mundial vem produzindo fortes impactos no mercado de petr\u00f3leo e g\u00e1s natural, com pre\u00e7os que dificultam a viabiliza\u00e7\u00e3o econ\u00f4mica dos investimentos\u201d. Por isso, diz a norma, \u201cnovos investimentos na ind\u00fastria petrol\u00edfera requerem regras est\u00e1veis e vig\u00eancia que permitam o planejamento de longo prazo, assegurando a manuten\u00e7\u00e3o dessas regras durante o per\u00edodo de realiza\u00e7\u00e3o dos investimentos e de sua remunera\u00e7\u00e3o\u201d.<\/p>\n<p>A resolu\u00e7\u00e3o do CNPE prev\u00ea, ainda, como indicou o ministro Braga, que a Ag\u00eancia Nacional do Petr\u00f3leo (ANP), notificar\u00e1 \u201cas concession\u00e1rias operadoras de campos que n\u00e3o tenham apresentado produ\u00e7\u00e3o nos \u00faltimos seis meses para que restabele\u00e7am a produ\u00e7\u00e3o nos pr\u00f3ximos doze meses, ou para que, nesse per\u00edodo, transfiram os direitos sobre esses campos para empresas que se comprometam e tenham capacidade de cumprir a produ\u00e7\u00e3o\u201d. Onde a produ\u00e7\u00e3o n\u00e3o for retomada, a concess\u00e3o ser\u00e1 extinta.<\/p>\n<p>O pre\u00e2mbulo da resolu\u00e7\u00e3o informa tamb\u00e9m que \u201cexistem campos com capacidade de produzir, mas que encontram-se paralisados, comprometendo o aproveitamento racional dos recursos energ\u00e9ticos, a gera\u00e7\u00e3o de empregos e a arrecada\u00e7\u00e3o de royalties pela Uni\u00e3o, estados e munic\u00edpios\u201d.<\/p>\n<p>A nova norma prev\u00ea, ainda, um prazo de 180 dias para o Minist\u00e9rio de Minas e Energia concluir \u201cos estudos necess\u00e1rios para a proposi\u00e7\u00e3o, ao CNPE, dos par\u00e2metros t\u00e9cnicos e econ\u00f4micos a serem considerados na contrata\u00e7\u00e3o, sob o Regime de Partilha, das \u00e1reas unitiz\u00e1veis que extrapolem os blocos concedidos e estejam localizados dentro do pol\u00edgono do pr\u00e9-sal\u201d.<\/p>\n<p>Na ter\u00e7a-feira, o secret\u00e1rio de Petr\u00f3leo e G\u00e1s do MME, Marco Ant\u00f4nio Almeira, disse que um leil\u00e3o de \u00e1reas do pr\u00e9-sal poder\u00e1 ocorrer em 2017 envolvendo essas \u00e1reas unitiz\u00e1veis, ou seja, cont\u00edguas a campos de explora\u00e7\u00e3o que j\u00e1 estejam produzindo. Braga disse, na semana passada, que esse processo pode ter um resultado fiscal positivo ao Tesouro Nacional, pela cobran\u00e7a de b\u00f4nus de assinatura.<\/p>\n<p>Fonte: Extra<\/p>\n","protected":false},"excerpt":{"rendered":"<p>A edi\u00e7\u00e3o do Di\u00e1rio Oficial da Uni\u00e3o desta quarta-feira trouxe a publica\u00e7\u00e3o da Resolu\u00e7\u00e3o n\u00famero 2 de 2016 do Conselho Nacional de Pol\u00edtica Energ\u00e9tica (CNPE)&#8230;<\/p>\n","protected":false},"author":1182,"featured_media":17817,"comment_status":"closed","ping_status":"closed","sticky":false,"template":"","format":"standard","meta":{"footnotes":""},"categories":[6],"tags":[],"class_list":["post-18750","post","type-post","status-publish","format-standard","has-post-thumbnail","hentry","category-noticias"],"_links":{"self":[{"href":"https:\/\/www.sincomam.org.br\/index.php\/wp-json\/wp\/v2\/posts\/18750","targetHints":{"allow":["GET"]}}],"collection":[{"href":"https:\/\/www.sincomam.org.br\/index.php\/wp-json\/wp\/v2\/posts"}],"about":[{"href":"https:\/\/www.sincomam.org.br\/index.php\/wp-json\/wp\/v2\/types\/post"}],"author":[{"embeddable":true,"href":"https:\/\/www.sincomam.org.br\/index.php\/wp-json\/wp\/v2\/users\/1182"}],"replies":[{"embeddable":true,"href":"https:\/\/www.sincomam.org.br\/index.php\/wp-json\/wp\/v2\/comments?post=18750"}],"version-history":[{"count":1,"href":"https:\/\/www.sincomam.org.br\/index.php\/wp-json\/wp\/v2\/posts\/18750\/revisions"}],"predecessor-version":[{"id":18751,"href":"https:\/\/www.sincomam.org.br\/index.php\/wp-json\/wp\/v2\/posts\/18750\/revisions\/18751"}],"wp:featuredmedia":[{"embeddable":true,"href":"https:\/\/www.sincomam.org.br\/index.php\/wp-json\/wp\/v2\/media\/17817"}],"wp:attachment":[{"href":"https:\/\/www.sincomam.org.br\/index.php\/wp-json\/wp\/v2\/media?parent=18750"}],"wp:term":[{"taxonomy":"category","embeddable":true,"href":"https:\/\/www.sincomam.org.br\/index.php\/wp-json\/wp\/v2\/categories?post=18750"},{"taxonomy":"post_tag","embeddable":true,"href":"https:\/\/www.sincomam.org.br\/index.php\/wp-json\/wp\/v2\/tags?post=18750"}],"curies":[{"name":"wp","href":"https:\/\/api.w.org\/{rel}","templated":true}]}}