{"id":18741,"date":"2016-03-16T00:00:35","date_gmt":"2016-03-16T03:00:35","guid":{"rendered":"http:\/\/www.sincomam.org.br\/?p=18741"},"modified":"2016-03-15T22:51:31","modified_gmt":"2016-03-16T01:51:31","slug":"dilma-recebe-lula-no-alvorada-para-tratar-de-nomeacao-para-ministerio","status":"publish","type":"post","link":"https:\/\/www.sincomam.org.br\/index.php\/dilma-recebe-lula-no-alvorada-para-tratar-de-nomeacao-para-ministerio\/","title":{"rendered":"Dilma recebe Lula no Alvorada para tratar de nomea\u00e7\u00e3o para minist\u00e9rio"},"content":{"rendered":"<p>A presidente Dilma Rousseff\u00a0e o ex-presidente Luiz In\u00e1cio Lula da Silva\u00a0iniciaram, por volta das 18h55 desta ter\u00e7a-feira (15) no Pal\u00e1cio da Alvorada, uma reuni\u00e3o para discutir a poss\u00edvel nomea\u00e7\u00e3o de Lula para um minist\u00e9rio. Tamb\u00e9m participaram do encontro os ministros Ricardo Barzoini (Secretaria de Governo) e\u00a0Jaques Wagner\u00a0(Casa Civil).<\/p>\n<p>A tese vem sendo defendida desde as \u00faltimas semanas por Dilma, auxiliares dela, como Jaques, Berzoini e Edinho Silva (Comunica\u00e7\u00e3o Social), al\u00e9m de parlamentares, como o l\u00edder do governo na C\u00e2mara\u00a0dos Deputados, Jos\u00e9 Guimar\u00e3es (PT-CE).<\/p>\n<p>Na semana passada, os dois se encontraram em Bras\u00edlia para avaliar a conjuntura pol\u00edtica e discutir o assunto. Segundo o\u00a0<strong>G1<\/strong>\u00a0apurou, tanto Jaques Wagner quanto Ricardo Berzoini\u00a0fereceram a Lula seus postos no Pal\u00e1cio do Planalto. Na ocasi\u00e3o, Lula recusou a oferta.<\/p>\n<p>A poss\u00edvel indica\u00e7\u00e3o de Lula para um minist\u00e9rio ocorre em meio a investiga\u00e7\u00f5es conduzidas pela Justi\u00e7a Federal do Paran\u00e1 e pelo Minist\u00e9rio P\u00fablico de S\u00e3o Paulo para apurar se o ex-presidente recebeu vantagens indevidas oriundas do esquema de corrup\u00e7\u00e3o da Petrobras.<\/p>\n<p>Ele tamb\u00e9m \u00e9 investigado por supostamente ter omitido \u00e0s autoridades ser o dono de um apartamento triplex em Guaruj\u00e1 (SP) e de um s\u00edtio em Atibaia (SP), o que a defesa dele nega.<\/p>\n<p>Em raz\u00e3o das suspeitas, o MP-SP pediu a pris\u00e3o preventiva de Lula. Nesta segunda (14), a ju\u00edza Maria Priscila Oliveira remeteu o pedido ao juiz federal S\u00e9rgio Moro, respons\u00e1vel pelos processos da Lava Jato em primeira inst\u00e2ncia.<\/p>\n<p>Se for confirmada a nomea\u00e7\u00e3o de Lula como ministro, ele passaria a ter o chamado foro privilegiado, e as investiga\u00e7\u00f5es seriam remetidas ao Supremo Tribunal Federal\u00a0(STF).<\/p>\n<p>Nesta segunda, questionado sobre a possibilidade de Lula virar ministro e a presidente Dilma ser acusada de tentar \u201cobstruir a Justi\u00e7a\u201d, o chefe da Casa Civil, Jaques Wagner, rebateu a tese.<\/p>\n<p>\u201cMe digam qual \u00e9 a obstru\u00e7\u00e3o, pelo amor de Deus! O Supremo n\u00e3o \u00e9 Justi\u00e7a? O mensal\u00e3o n\u00e3o foi julgado pelo Supremo? Tudo o que ele [Lula] n\u00e3o quer \u00e9 isso, essa tese [de que Dilma obstruiria a Justi\u00e7a]. Ele prefere continuar com o curr\u00edculo dele como sempre teve\u201d, disse.<\/p>\n<p>Wagner declarou tamb\u00e9m que tem gente \u201cbabando sangue\u201d querendo provar que Lula cometeu crimes. \u201cE ele virou o trof\u00e9u para ver quem pega primeiro\u201d, acrescentou.<\/p>\n<p><strong>Intermedi\u00e1rios<\/strong><br \/>Embora Lula s\u00f3 tenha chegado a Bras\u00edlia nesta ter\u00e7a, intermedi\u00e1rios dele e de Dilma se falaram nesta segunda.<\/p>\n<p>Jaques Wagner, por exemplo, tratou do assunto com o presidente do PT, Rui Falc\u00e3o, enquanto o ministro Edinho Silva abordou o tema com o ex-ministro Gilberto Carvalho, que tamb\u00e9m atuou durante oito anos como chefe de gabinete de Lula no Planalto.<\/p>\n<p>Fonte: G1<\/p>\n","protected":false},"excerpt":{"rendered":"<p>A presidente Dilma Rousseff\u00a0e o ex-presidente Luiz In\u00e1cio Lula da Silva\u00a0iniciaram, por volta das 18h55 desta ter\u00e7a-feira (15) no Pal\u00e1cio da Alvorada, uma reuni\u00e3o para&#8230;<\/p>\n","protected":false},"author":1182,"featured_media":18128,"comment_status":"closed","ping_status":"closed","sticky":false,"template":"","format":"standard","meta":{"footnotes":""},"categories":[6],"tags":[],"class_list":["post-18741","post","type-post","status-publish","format-standard","has-post-thumbnail","hentry","category-noticias"],"_links":{"self":[{"href":"https:\/\/www.sincomam.org.br\/index.php\/wp-json\/wp\/v2\/posts\/18741","targetHints":{"allow":["GET"]}}],"collection":[{"href":"https:\/\/www.sincomam.org.br\/index.php\/wp-json\/wp\/v2\/posts"}],"about":[{"href":"https:\/\/www.sincomam.org.br\/index.php\/wp-json\/wp\/v2\/types\/post"}],"author":[{"embeddable":true,"href":"https:\/\/www.sincomam.org.br\/index.php\/wp-json\/wp\/v2\/users\/1182"}],"replies":[{"embeddable":true,"href":"https:\/\/www.sincomam.org.br\/index.php\/wp-json\/wp\/v2\/comments?post=18741"}],"version-history":[{"count":1,"href":"https:\/\/www.sincomam.org.br\/index.php\/wp-json\/wp\/v2\/posts\/18741\/revisions"}],"predecessor-version":[{"id":18742,"href":"https:\/\/www.sincomam.org.br\/index.php\/wp-json\/wp\/v2\/posts\/18741\/revisions\/18742"}],"wp:featuredmedia":[{"embeddable":true,"href":"https:\/\/www.sincomam.org.br\/index.php\/wp-json\/wp\/v2\/media\/18128"}],"wp:attachment":[{"href":"https:\/\/www.sincomam.org.br\/index.php\/wp-json\/wp\/v2\/media?parent=18741"}],"wp:term":[{"taxonomy":"category","embeddable":true,"href":"https:\/\/www.sincomam.org.br\/index.php\/wp-json\/wp\/v2\/categories?post=18741"},{"taxonomy":"post_tag","embeddable":true,"href":"https:\/\/www.sincomam.org.br\/index.php\/wp-json\/wp\/v2\/tags?post=18741"}],"curies":[{"name":"wp","href":"https:\/\/api.w.org\/{rel}","templated":true}]}}