{"id":18736,"date":"2016-03-16T00:55:06","date_gmt":"2016-03-16T03:55:06","guid":{"rendered":"http:\/\/www.sincomam.org.br\/?p=18736"},"modified":"2016-03-16T09:08:17","modified_gmt":"2016-03-16T12:08:17","slug":"previa-do-pib-comeca-2016-com-retracao-de-06-informa-bc","status":"publish","type":"post","link":"https:\/\/www.sincomam.org.br\/index.php\/previa-do-pib-comeca-2016-com-retracao-de-06-informa-bc\/","title":{"rendered":"&#8216;Pr\u00e9via&#8217; do PIB come\u00e7a 2016 com retra\u00e7\u00e3o de 0,6%, informa BC"},"content":{"rendered":"<p>O n\u00edvel de atividade da economia brasileira iniciou o ano de 2016 da mesma forma como encerrou o ano passado, com retra\u00e7\u00e3o, segundo indicam n\u00fameros divulgados pelo Banco Central.<\/p>\n<p>O chamado \u00cdndice de Atividade Econ\u00f4mica do BC, o IBC-Br \u2013 um indicador criado para tentar antecipar o resultado do Produto Interno Bruto (PIB) \u2013 teve contra\u00e7\u00e3o de 0,61% em janeiro, na compara\u00e7\u00e3o com o m\u00eas anterior, ap\u00f3s ajuste sazonal (uma esp\u00e9cie de &#8220;compensa\u00e7\u00e3o&#8221; para poder comparar per\u00edodos diferentes).<\/p>\n<p>De acordo com dados da autoridade monet\u00e1ria, esta foi a maior contra\u00e7\u00e3o mensal desde agosto do ano passado (-0,92%). Janeiro tamb\u00e9m foi o d\u00e9cimo primeiro m\u00eas seguido de contra\u00e7\u00e3o na pr\u00e9via do PIB. O \u00faltimo m\u00eas em que o indicador registrou aumento foi em fevereiro de 2015 &#8211; com uma alta de 0,47% sobre o m\u00eas anterior.<\/p>\n<p>A economia brasileira atualmente passa por um per\u00edodo de recess\u00e3o, que acontece em um ambiente de alta da infla\u00e7\u00e3o, das taxas de juros, do desemprego e tamb\u00e9m da inadimpl\u00eancia.<\/p>\n<p>Al\u00e9m disso, o governo segue enfrentando dificuldades para promover o ajuste das contas p\u00fablicas (que est\u00e3o h\u00e1 dois anos no vermelho) e o ambiente pol\u00edtico continua conturbado, o que gera expectativas ruins para as vota\u00e7\u00f5es das medidas de ajuste.<\/p>\n<p>N\u00fameros pr\u00e9vios da economia em janeiro j\u00e1 n\u00e3o tinham mostrado resultado muito bom. Apesar de a produ\u00e7\u00e3o industrial ter subido 0,4% contra dezembro do ano passado, as vendas do com\u00e9rcio ca\u00edram 1,5% &#8211; a queda mais intensa, para o \u00a0per\u00edodo, desde 2005 ca\u00edram.\u00a0J\u00e1 a receita de servi\u00e7os tamb\u00e9m recuou em janeiro<a href=\"http:\/\/g1.globo.com\/economia\/noticia\/2016\/03\/setor-de-servicos-recua-5-em-janeiro-diz-ibge.html\">.<\/a><\/p>\n<p><strong>Compara\u00e7\u00e3o com janeiro de 2015<\/strong><br \/>De acordo com o Banco Central, a &#8220;pr\u00e9via&#8221; do PIB registrou no primeiro m\u00eas deste ano, na compara\u00e7\u00e3o com janeiro de 2015, um tombo maior ainda: de 8,12%. Neste caso, a compara\u00e7\u00e3o foi feita sem ajuste sazonal \u2013 pois considera per\u00edodos iguais.<\/p>\n<p>E, no acumulado em 12 meses at\u00e9 janeiro, ainda de acordo com informa\u00e7\u00f5es do Banco Central, o indicador registrou contra\u00e7\u00e3o de 4,44% (ap\u00f3s ajuste sazonal).<\/p>\n<p><strong>Resultados e expectativas para a economia<\/strong><br \/>No ano passado, os n\u00fameros oficiais do do Instituto Brasileiro de Geografia e Estat\u00edstica (IBGE) mostraram uma retra\u00e7\u00e3o do PIB de 3,8% &#8211; a maior queda em 25 anos.\u00a0<\/p>\n<p>O mercado financeiro acredita que o PIB ter\u00e1 novamente forte retra\u00e7\u00e3o neste ano. A expectativa dos analistas dos bancos, colhida pelo Banco Central na semana passada em pesquisa com mais de 100 institui\u00e7\u00f5es financeiras, \u00e9 de uma contra\u00e7\u00e3o de cerca de 3,5% em 2015.<\/p>\n<p>Se a previs\u00e3o de um novo &#8220;encolhimento&#8221; se confirmar em 2016, ser\u00e1 a primeira vez que o pa\u00eds registra dois anos seguidos de contra\u00e7\u00e3o na economia \u2013 a s\u00e9rie hist\u00f3rica oficial, do IBGE, tem in\u00edcio em 1948.<\/p>\n<p><strong>Resultados do IBC-Br x PIB<\/strong><br \/>Embora o c\u00e1lculo seja um pouco diferente, o IBC-Br foi criado para tentar ser um &#8220;antecedente&#8221; do PIB. O \u00edndice do BC incorpora estimativas para a agropecu\u00e1ria, a ind\u00fastria e o setor de servi\u00e7os, al\u00e9m dos impostos.<\/p>\n<p>Os resultados do IBC-Br, por\u00e9m, nem sempre mostraram proximidade com os dados oficiais do PIB, divulgados pelo IBGE.<\/p>\n<p>Em 2014, o BC estimava uma retra\u00e7\u00e3o de 0,15% no PIB, mas os dados oficiais mostraram uma alta de 0,1% no ano retrasado. Em 2015, o IBC-Br teve retra\u00e7\u00e3o de 4,08%, mas o PIB recuou 3,8%.<\/p>\n<p>O Banco Central j\u00e1 informou anteriormente que o IBC-Br n\u00e3o seria uma medida do PIB, mesmo que tenha sido criado para tentar antecipar o resultado, mas apenas &#8220;um indicador \u00fatil&#8221; para o BC e para o setor privado.<\/p>\n<p><strong>Defini\u00e7\u00e3o dos juros<\/strong><br \/>O IBC-Br \u00e9 uma das ferramentas usadas pelo BC para definir a taxa b\u00e1sica de juros (Selic) do pa\u00eds. Com o menor crescimento da economia, por exemplo, teoricamente haveria menos press\u00e3o inflacion\u00e1ria. Atualmente, os juros b\u00e1sicos est\u00e3o em 14,25% ao ano, o maior n\u00edvel em nove anos.<\/p>\n<p>Pelo sistema de metas de infla\u00e7\u00e3o que vigora no Brasil, o BC precisa ajustar os juros para atingir as metas preestabelecidas. Quanto maiores as taxas, menos pessoas e empresas dispostas a consumir, o que tende a fazer com que os pre\u00e7os baixem ou fiquem est\u00e1veis.<\/p>\n<p>Para 2016, a meta central de infla\u00e7\u00e3o \u00e9 de 4,5%, com um intervalo de toler\u00e2ncia de dois pontos percentuais para mais ou para menos.<\/p>\n<p>Desse modo, o \u00cdndice Nacional de Pre\u00e7os ao Consumidor Amplo (IPCA), considerada a infla\u00e7\u00e3o oficial do pa\u00eds e medida pelo IBGE, pode ficar entre 2,5% e 6,5%, sem que a meta seja formalmente descumprida.<\/p>\n<p>Neste ano, o mercado financeiro acredita que a infla\u00e7\u00e3o oficial ficar\u00e1 novamente acima do teto de 6,5% do sistema de metas. Em 2015, somou 10,67%, a maior em 13 anos, e estourou a meta de infla\u00e7\u00e3o. Para os analistas dos bancos, a infla\u00e7\u00e3o somar\u00e1 7,61% em 2016.<\/p>\n<p>O Banco Central tem dito que trabalha para trazer a infla\u00e7\u00e3o para dentro da banda do sistema de metas em 2016 e pr\u00f3xima do objetivo central, de 4,5%, em 2017.<\/p>\n<p>Fonte: G1<\/p>\n","protected":false},"excerpt":{"rendered":"<p>O n\u00edvel de atividade da economia brasileira iniciou o ano de 2016 da mesma forma como encerrou o ano passado, com retra\u00e7\u00e3o, segundo indicam n\u00fameros&#8230;<\/p>\n","protected":false},"author":1182,"featured_media":18713,"comment_status":"closed","ping_status":"closed","sticky":false,"template":"","format":"standard","meta":{"footnotes":""},"categories":[6],"tags":[],"class_list":["post-18736","post","type-post","status-publish","format-standard","has-post-thumbnail","hentry","category-noticias"],"_links":{"self":[{"href":"https:\/\/www.sincomam.org.br\/index.php\/wp-json\/wp\/v2\/posts\/18736","targetHints":{"allow":["GET"]}}],"collection":[{"href":"https:\/\/www.sincomam.org.br\/index.php\/wp-json\/wp\/v2\/posts"}],"about":[{"href":"https:\/\/www.sincomam.org.br\/index.php\/wp-json\/wp\/v2\/types\/post"}],"author":[{"embeddable":true,"href":"https:\/\/www.sincomam.org.br\/index.php\/wp-json\/wp\/v2\/users\/1182"}],"replies":[{"embeddable":true,"href":"https:\/\/www.sincomam.org.br\/index.php\/wp-json\/wp\/v2\/comments?post=18736"}],"version-history":[{"count":1,"href":"https:\/\/www.sincomam.org.br\/index.php\/wp-json\/wp\/v2\/posts\/18736\/revisions"}],"predecessor-version":[{"id":18737,"href":"https:\/\/www.sincomam.org.br\/index.php\/wp-json\/wp\/v2\/posts\/18736\/revisions\/18737"}],"wp:featuredmedia":[{"embeddable":true,"href":"https:\/\/www.sincomam.org.br\/index.php\/wp-json\/wp\/v2\/media\/18713"}],"wp:attachment":[{"href":"https:\/\/www.sincomam.org.br\/index.php\/wp-json\/wp\/v2\/media?parent=18736"}],"wp:term":[{"taxonomy":"category","embeddable":true,"href":"https:\/\/www.sincomam.org.br\/index.php\/wp-json\/wp\/v2\/categories?post=18736"},{"taxonomy":"post_tag","embeddable":true,"href":"https:\/\/www.sincomam.org.br\/index.php\/wp-json\/wp\/v2\/tags?post=18736"}],"curies":[{"name":"wp","href":"https:\/\/api.w.org\/{rel}","templated":true}]}}