{"id":18730,"date":"2016-03-15T00:00:17","date_gmt":"2016-03-15T03:00:17","guid":{"rendered":"http:\/\/www.sincomam.org.br\/?p=18730"},"modified":"2016-03-14T18:46:35","modified_gmt":"2016-03-14T21:46:35","slug":"superavit-comercial-supera-em-marco-marca-dos-us-6-bilhoes","status":"publish","type":"post","link":"https:\/\/www.sincomam.org.br\/index.php\/superavit-comercial-supera-em-marco-marca-dos-us-6-bilhoes\/","title":{"rendered":"Super\u00e1vit comercial supera, em mar\u00e7o, marca dos US$ 6 bilh\u00f5es"},"content":{"rendered":"<p>A balan\u00e7a comercial brasileira registrou um super\u00e1vit (exporta\u00e7\u00f5es maiores que importa\u00e7\u00f5es) de US$ 6,03 bilh\u00f5es no acumulado deste ano, at\u00e9 domingo (13), informou o Minist\u00e9rio do Desenvolvimento, Ind\u00fastria e Com\u00e9rcio Exterior (MDIC). Em 2015,\u00a0essa marca s\u00f3 foi atingida no m\u00eas de agosto.<\/p>\n<p>Na compara\u00e7\u00e3o com o mesmo per\u00edodo do ano passado, quando foi contabilizado um d\u00e9ficit comercial (importa\u00e7\u00f5es superiores \u00e0s exporta\u00e7\u00f5es) de US$ 6,08 bilh\u00f5es, houve uma forte melhora. A revers\u00e3o foi de US$ 12,1 bilh\u00f5es no saldo comercial na parcial de 2016.<\/p>\n<p>N\u00fameros oficiais mostram que a melhora do saldo comercial, neste ano, est\u00e1 relacionada principalmente com a forte queda das importa\u00e7\u00f5es &#8211; em um cen\u00e1rio de economia em recess\u00e3o e d\u00f3lar valorizado. As vendas externas brasileiras tamb\u00e9m recuaram em 2016, mas em menor propor\u00e7\u00e3o.<\/p>\n<p>No acumulado deste ano, as exporta\u00e7\u00f5es somaram US$ 31,04 bilh\u00f5es, com m\u00e9dia di\u00e1ria de US$ 646 milh\u00f5es (queda de 5% sobre o mesmo per\u00edodo do ano passado). As importa\u00e7\u00f5es, por sua vez, somaram US$ 25,01 bilh\u00f5es, ou US$ 521 milh\u00f5es por dia \u00fatil, uma queda de 35,2% em rela\u00e7\u00e3o ao mesmo per\u00edodo de 2015.<\/p>\n<p><strong>Parcial de mar\u00e7o<\/strong><br \/>Segundo o Minist\u00e9rio do Desenvolvimento, a balan\u00e7a comercial registrou um super\u00e1vit de US$ 2,06 bilh\u00f5es na duas primeiras semanas de mar\u00e7o, ou seja, no acumulado at\u00e9 o dia 13 deste m\u00eas.<\/p>\n<p>Segundo o governo, as vendas ao exterior somaram 6,45 bilh\u00f5es no acumulado deste m\u00eas, com queda de 7,1% sobre mar\u00e7o do ano passado, ao mesmo tempo em que as importa\u00e7\u00f5es totalizaram US$ 4,38 bilh\u00f5es &#8211; com queda de 35,1% na compara\u00e7\u00e3o com o mesmo m\u00eas de 2015.<\/p>\n<p>No caso das exporta\u00e7\u00f5es, ca\u00edram as vendas das tr\u00eas categorias de produtos, na compara\u00e7\u00e3o com mar\u00e7o do ano passado: manufaturados (-1,8%) e de semimanufaturados (-12%), mas ca\u00edram as exporta\u00e7\u00f5es de produtos b\u00e1sicos (-8,8%).<\/p>\n<p>Sobre as importa\u00e7\u00f5es, recuaram as compras de combust\u00edveis e lubrificantes (-54,6%), sider\u00fargicos (-45,1%), equipamentos eletroeletr\u00f4nicos (-43,9%) e ve\u00edculos autom\u00f3veis e partes (-39,5%), entre outros.<\/p>\n<p><strong>Resultado de 2015<\/strong><br \/>No ano passado, ainda de acordo com informa\u00e7\u00f5es do governo, o saldo positivo (super\u00e1vit) das transa\u00e7\u00f5es comerciais do Brasil com o resto do mundo somou US$ 19,69 bilh\u00f5es. Foi o maior valor para um ano fechado desde 2011, quando o super\u00e1vit comercial somou US$ 29,79 bilh\u00f5es.<\/p>\n<p>O resultado foi influenciado pelo baixo n\u00edvel de atividade. Com a economia brasileira em recess\u00e3o e o d\u00f3lar alto, as importa\u00e7\u00f5es desabaram 24,3% em 2015. D\u00f3lar alto torna as vendas externas mais baratas e as importa\u00e7\u00f5es mais caras.<\/p>\n<p>Ainda segundo n\u00fameros oficiais, a melhora da balan\u00e7a comercial em 2015 tamb\u00e9m foi influenciada pela queda do pre\u00e7o do petr\u00f3leo. Como o Brasil mais importa do que vende petr\u00f3leo ao exterior, o recuo do pre\u00e7o favoreceu a melhora do saldo comercial do pa\u00eds.<\/p>\n<p><strong>Estimativas do mercado e do BC para 2016<\/strong><br \/>A expectativa do mercado financeiro para este ano \u00e9 de melhora do saldo comercial, segundo pesquisa realizada pelo Banco Central com mais de 100 institui\u00e7\u00f5es financeiras na semana passada. O pr\u00f3prio BC tamb\u00e9m prev\u00ea melhora no saldo comercial.<\/p>\n<p>A previs\u00e3o dos analistas dos bancos \u00e9 de um super\u00e1vit de US$ 41,2 bilh\u00f5es nas transa\u00e7\u00f5es comerciais do pa\u00eds com o exterior para 2016. At\u00e9 o momento, o Minist\u00e9rio do Desenvolvimento estima um super\u00e1vit de cerca de US$ 35 bilh\u00f5es neste ano.<\/p>\n<p>J\u00e1 o Banco Central prev\u00ea um super\u00e1vit da balan\u00e7a comercial de US$ 30 bilh\u00f5es para este ano, com exporta\u00e7\u00f5es em US$ 190 bilh\u00f5es e compras do exterior no valor de US$ 160 bilh\u00f5es.<\/p>\n<p>Fonte: G1<\/p>\n","protected":false},"excerpt":{"rendered":"<p>A balan\u00e7a comercial brasileira registrou um super\u00e1vit (exporta\u00e7\u00f5es maiores que importa\u00e7\u00f5es) de US$ 6,03 bilh\u00f5es no acumulado deste ano, at\u00e9 domingo (13), informou o Minist\u00e9rio&#8230;<\/p>\n","protected":false},"author":1182,"featured_media":18439,"comment_status":"closed","ping_status":"closed","sticky":false,"template":"","format":"standard","meta":{"footnotes":""},"categories":[6],"tags":[],"class_list":["post-18730","post","type-post","status-publish","format-standard","has-post-thumbnail","hentry","category-noticias"],"_links":{"self":[{"href":"https:\/\/www.sincomam.org.br\/index.php\/wp-json\/wp\/v2\/posts\/18730","targetHints":{"allow":["GET"]}}],"collection":[{"href":"https:\/\/www.sincomam.org.br\/index.php\/wp-json\/wp\/v2\/posts"}],"about":[{"href":"https:\/\/www.sincomam.org.br\/index.php\/wp-json\/wp\/v2\/types\/post"}],"author":[{"embeddable":true,"href":"https:\/\/www.sincomam.org.br\/index.php\/wp-json\/wp\/v2\/users\/1182"}],"replies":[{"embeddable":true,"href":"https:\/\/www.sincomam.org.br\/index.php\/wp-json\/wp\/v2\/comments?post=18730"}],"version-history":[{"count":1,"href":"https:\/\/www.sincomam.org.br\/index.php\/wp-json\/wp\/v2\/posts\/18730\/revisions"}],"predecessor-version":[{"id":18731,"href":"https:\/\/www.sincomam.org.br\/index.php\/wp-json\/wp\/v2\/posts\/18730\/revisions\/18731"}],"wp:featuredmedia":[{"embeddable":true,"href":"https:\/\/www.sincomam.org.br\/index.php\/wp-json\/wp\/v2\/media\/18439"}],"wp:attachment":[{"href":"https:\/\/www.sincomam.org.br\/index.php\/wp-json\/wp\/v2\/media?parent=18730"}],"wp:term":[{"taxonomy":"category","embeddable":true,"href":"https:\/\/www.sincomam.org.br\/index.php\/wp-json\/wp\/v2\/categories?post=18730"},{"taxonomy":"post_tag","embeddable":true,"href":"https:\/\/www.sincomam.org.br\/index.php\/wp-json\/wp\/v2\/tags?post=18730"}],"curies":[{"name":"wp","href":"https:\/\/api.w.org\/{rel}","templated":true}]}}