{"id":18707,"date":"2016-03-14T06:04:38","date_gmt":"2016-03-14T09:04:38","guid":{"rendered":"http:\/\/www.sincomam.org.br\/?p=18707"},"modified":"2016-03-14T06:51:18","modified_gmt":"2016-03-14T09:51:18","slug":"bolsa-vai-fechar-mais-cedo-mas-volume-deve-continuar-alto","status":"publish","type":"post","link":"https:\/\/www.sincomam.org.br\/index.php\/bolsa-vai-fechar-mais-cedo-mas-volume-deve-continuar-alto\/","title":{"rendered":"Bolsa vai fechar mais cedo, mas volume deve continuar alto"},"content":{"rendered":"<div data-template-placeholder=\"content-placeholder\">\n<p>Com o fim do hor\u00e1rio de ver\u00e3o no m\u00eas passado, a BM&amp;FBovespa vai retomar nesta segunda-feira (14) o hor\u00e1rio regular de negocia\u00e7\u00f5es no mercado \u00e0 vista, das 10h \u00e0s 17h (de Bras\u00edlia). A Bolsa tamb\u00e9m voltar\u00e1 com o chamado after market (negocia\u00e7\u00f5es depois do fim do preg\u00e3o regular), que ocorre diariamente das 17h30 \u00e0s 18h.<\/p>\n<p>A BM&amp;FBovespa funcionou em hor\u00e1rio especial (das 10h \u00e0s 18h, com after market suspenso) entre 21 de dezembro de 2015 e 11 de mar\u00e7o de 2016.<\/p>\n<p>O intuito foi &#8220;facilitar opera\u00e7\u00f5es de arbitragem nos mercados internacionais&#8221; e potencializar o fluxo de clientes estrangeiros, segundo nota da pr\u00f3pria Bolsa.<\/p>\n<p>A volta ao hor\u00e1rio regular de preg\u00e3o vai encurtar o per\u00edodo em que Bovespa eNyse (Bolsa de Nova York) estar\u00e3o operando ao mesmo tempo.<\/p>\n<p>Em tese, a mudan\u00e7a impactaria negativamente o volume negociado no mercado brasileiro, j\u00e1 que mais de 50% das movimenta\u00e7\u00f5es por aqui s\u00e3o feitas por estrangeiros.<\/p>\n<p>Mas a avalia\u00e7\u00e3o do BTG Pactual\u00a0\u00e9 que o volume da BM&amp;FBovespa deve continuar acima da m\u00e9dia, movido pelas especula\u00e7\u00f5es pol\u00edticas que t\u00eam dominado a pauta dos investidores no Brasil nos \u00faltimos meses.<\/p>\n<p>Em fevereiro, a BM&amp;FBovespa registrou volume m\u00e9dio di\u00e1rio de R$ 6,076 bilh\u00f5es, 15,8% maior que o valor registrado no m\u00eas anterior (R$ 5,245 bilh\u00f5es). Em mar\u00e7o, at\u00e9 o dia 10, a cifra j\u00e1 estava em R$ 10,9 bilh\u00f5es.<\/p>\n<p>Em relat\u00f3rio divulgado na \u00faltima quinta-feira (10), o BTG afirmou que a BM&amp;FBovespa \u00e9 a empresa que mais pode se beneficiar do rali especulativo nos mercados em torno de um poss\u00edvel impeachment\u00a0da presidente.\u00a0<\/p>\n<p>Segundo o banco, a cada R$ 1 bilh\u00e3o adicional no volume m\u00e9dio di\u00e1rio da Bolsa somado a uma queda de 50 pontos-base do custo sobre patrim\u00f4nio (CoE), haver\u00e1 aumento de R$ 1 no pre\u00e7o-alvo para os pap\u00e9is da BM&amp;FBovespa &#8212;atualmente em R$ 13,50.<\/p>\n<p>Fonte: Exame<\/p>\n<div><\/div>\n<\/div>\n","protected":false},"excerpt":{"rendered":"<p>Com o fim do hor\u00e1rio de ver\u00e3o no m\u00eas passado, a BM&amp;FBovespa vai retomar nesta segunda-feira (14) o hor\u00e1rio regular de negocia\u00e7\u00f5es no mercado \u00e0&#8230;<\/p>\n","protected":false},"author":1182,"featured_media":18708,"comment_status":"closed","ping_status":"closed","sticky":false,"template":"","format":"standard","meta":{"footnotes":""},"categories":[6],"tags":[],"class_list":["post-18707","post","type-post","status-publish","format-standard","has-post-thumbnail","hentry","category-noticias"],"_links":{"self":[{"href":"https:\/\/www.sincomam.org.br\/index.php\/wp-json\/wp\/v2\/posts\/18707","targetHints":{"allow":["GET"]}}],"collection":[{"href":"https:\/\/www.sincomam.org.br\/index.php\/wp-json\/wp\/v2\/posts"}],"about":[{"href":"https:\/\/www.sincomam.org.br\/index.php\/wp-json\/wp\/v2\/types\/post"}],"author":[{"embeddable":true,"href":"https:\/\/www.sincomam.org.br\/index.php\/wp-json\/wp\/v2\/users\/1182"}],"replies":[{"embeddable":true,"href":"https:\/\/www.sincomam.org.br\/index.php\/wp-json\/wp\/v2\/comments?post=18707"}],"version-history":[{"count":1,"href":"https:\/\/www.sincomam.org.br\/index.php\/wp-json\/wp\/v2\/posts\/18707\/revisions"}],"predecessor-version":[{"id":18709,"href":"https:\/\/www.sincomam.org.br\/index.php\/wp-json\/wp\/v2\/posts\/18707\/revisions\/18709"}],"wp:featuredmedia":[{"embeddable":true,"href":"https:\/\/www.sincomam.org.br\/index.php\/wp-json\/wp\/v2\/media\/18708"}],"wp:attachment":[{"href":"https:\/\/www.sincomam.org.br\/index.php\/wp-json\/wp\/v2\/media?parent=18707"}],"wp:term":[{"taxonomy":"category","embeddable":true,"href":"https:\/\/www.sincomam.org.br\/index.php\/wp-json\/wp\/v2\/categories?post=18707"},{"taxonomy":"post_tag","embeddable":true,"href":"https:\/\/www.sincomam.org.br\/index.php\/wp-json\/wp\/v2\/tags?post=18707"}],"curies":[{"name":"wp","href":"https:\/\/api.w.org\/{rel}","templated":true}]}}