{"id":18697,"date":"2016-03-14T06:35:34","date_gmt":"2016-03-14T09:35:34","guid":{"rendered":"http:\/\/www.sincomam.org.br\/?p=18697"},"modified":"2016-03-14T06:35:34","modified_gmt":"2016-03-14T09:35:34","slug":"ate-que-ponto-protestos-de-domingo-pioram-destino-de-dilma","status":"publish","type":"post","link":"https:\/\/www.sincomam.org.br\/index.php\/ate-que-ponto-protestos-de-domingo-pioram-destino-de-dilma\/","title":{"rendered":"At\u00e9 que ponto protestos de domingo pioram destino de Dilma?"},"content":{"rendered":"<p>Uma s\u00e9rie de decis\u00f5es das mais elevadas c\u00fapulas pol\u00edticas de Bras\u00edlia (DF) dependiam do resultado dos protestos convocados para este domingo, 13 de mar\u00e7o &#8211; muitas delas a serem definidas pelo pr\u00f3prio Pal\u00e1cio do Planalto.<\/p>\n<p>A resposta das ruas de centenas de cidades em todos os estados brasileiros n\u00e3o foi nada favor\u00e1vel para a presidente Dilma Rousseff, que se v\u00ea envolta no mais dram\u00e1tico momento de seu segundo mandato e inicia a semana ainda mais enfraquecida.<\/p>\n<p>A estimativa da Pol\u00edcia Militar \u00e9 de que 3 milh\u00f5es de pessoas participaram dos atos pelo Brasil. S\u00f3 em S\u00e3o Paulo, foram 1,4 milh\u00e3o de manifestantes \u2013 um n\u00famero superior aos protestos de mar\u00e7o de 2015, considerados os maiores at\u00e9 ontem.<\/p>\n<p>\u201cDiferentemente das manifesta\u00e7\u00f5es de mar\u00e7o [de 2015], as de domingo foram focadas no impeachment do governo Dilma, contra Lula e a favor da Lava Jato\u201d, afirma Paulo Baia, professor da Universidade Federal do Rio de Janeiro (UFRJ).<\/p>\n<p>Em termos pr\u00e1ticos, os protestos endossam a s\u00e9rie de desaprova\u00e7\u00e3o recorde ao governo Dilma dos \u00faltimos meses.<\/p>\n<p>\u201cO governo desfruta de uma maioria te\u00f3rica, obtida atrav\u00e9s das urnas em 2014 e de acordos pol\u00edticos. Mas essa maioria se v\u00ea fragilizada diante dos fatos emanados da Lava Jato e tamb\u00e9m das m\u00e1s not\u00edcias na economia\u201d, enumera o cientista pol\u00edtico Antonio Lavareda, autor do livro \u201cEmo\u00e7\u00f5es Ocultas e Estrat\u00e9gias Eleitorais\u201d (Editora Objetiva) e presidente do conselho do Instituto de Pesquisas Sociais, Pol\u00edticas e Econ\u00f4micas (Ipespe).<\/p>\n<p>Para os analistas, a materializa\u00e7\u00e3o desse sentimento pelas ruas pode acelerar o processo de impeachment, que deve ser retomado na pr\u00f3xima quinta-feira na C\u00e2mara dos Deputados.<\/p>\n<p>\u201cManifesta\u00e7\u00f5es como as de domingo afetam as opini\u00f5es e o posicionamento de muitos dos membros da base aliada. Isso colocar\u00e1 em maior risco a sobreviv\u00eancia do governo Dilma\u201d, diz Lavareda.<\/p>\n<p>O pr\u00f3prio PMDB pode liderar a debandada de apoiadores do governo Dilma Rousseff. No \u00faltimo s\u00e1bado, os membros da legenda determinaram um prazo de 30 dias para definir se desembarcam ou n\u00e3o da gest\u00e3o do PT. Os n\u00fameros dos protestos s\u00f3 refor\u00e7am os argumentos de quem torce contra a petista.<\/p>\n<p>No entanto, embora sinalizem o enfraquecimento da capacidade de governo da presidente, a temporada de m\u00e1s not\u00edcias das \u00faltimas semanas n\u00e3o pode ser encarada como um pren\u00fancio certo de seu fim de pol\u00edtico, segundo an\u00e1lise de Roberto Romano, professor em\u00e9rito da Universidade Estadual de Campinas (Unicamp).<\/p>\n<p>\u201cEntre essa imensa massa reunida e o encaminhamento para que Dilma seja afastada, h\u00e1 muita engenharia pol\u00edtica a ser vencida\u201d, afirma. \u201cO governo est\u00e1 acuado, n\u00e3o tem lideran\u00e7a, nem consultores ou intelectuais capazes de mudar a situa\u00e7\u00e3o. Como est\u00e1 hoje parece fadado ao desaparecimento. Mas nada \u00e9 irrevers\u00edvel, voc\u00ea tem que contar com a capacidade de rea\u00e7\u00e3o dos grupos e indiv\u00edduos\u201d, afirma. <\/p>\n<p>O ponto \u00e9 se essa rea\u00e7\u00e3o chegar\u00e1 a tempo de salvar o segundo mandato de Dilma Rousseff. Dada a rapidez dos acontecimentos e as propostas desesperadas do governo (como escalar Luiz In\u00e1cio Lula da Silva para a equipe ministerial), a impress\u00e3o \u00e9 de que o clamor dos manifestantes de hoje at\u00e9 pode ser atendido. A quest\u00e3o \u00e9 o que vir\u00e1 depois.<\/p>\n<p>Fonte: Exame<\/p>\n","protected":false},"excerpt":{"rendered":"<p>Uma s\u00e9rie de decis\u00f5es das mais elevadas c\u00fapulas pol\u00edticas de Bras\u00edlia (DF) dependiam do resultado dos protestos convocados para este domingo, 13 de mar\u00e7o &#8211;&#8230;<\/p>\n","protected":false},"author":1182,"featured_media":18128,"comment_status":"closed","ping_status":"closed","sticky":false,"template":"","format":"standard","meta":{"footnotes":""},"categories":[6],"tags":[],"class_list":["post-18697","post","type-post","status-publish","format-standard","has-post-thumbnail","hentry","category-noticias"],"_links":{"self":[{"href":"https:\/\/www.sincomam.org.br\/index.php\/wp-json\/wp\/v2\/posts\/18697","targetHints":{"allow":["GET"]}}],"collection":[{"href":"https:\/\/www.sincomam.org.br\/index.php\/wp-json\/wp\/v2\/posts"}],"about":[{"href":"https:\/\/www.sincomam.org.br\/index.php\/wp-json\/wp\/v2\/types\/post"}],"author":[{"embeddable":true,"href":"https:\/\/www.sincomam.org.br\/index.php\/wp-json\/wp\/v2\/users\/1182"}],"replies":[{"embeddable":true,"href":"https:\/\/www.sincomam.org.br\/index.php\/wp-json\/wp\/v2\/comments?post=18697"}],"version-history":[{"count":1,"href":"https:\/\/www.sincomam.org.br\/index.php\/wp-json\/wp\/v2\/posts\/18697\/revisions"}],"predecessor-version":[{"id":18698,"href":"https:\/\/www.sincomam.org.br\/index.php\/wp-json\/wp\/v2\/posts\/18697\/revisions\/18698"}],"wp:featuredmedia":[{"embeddable":true,"href":"https:\/\/www.sincomam.org.br\/index.php\/wp-json\/wp\/v2\/media\/18128"}],"wp:attachment":[{"href":"https:\/\/www.sincomam.org.br\/index.php\/wp-json\/wp\/v2\/media?parent=18697"}],"wp:term":[{"taxonomy":"category","embeddable":true,"href":"https:\/\/www.sincomam.org.br\/index.php\/wp-json\/wp\/v2\/categories?post=18697"},{"taxonomy":"post_tag","embeddable":true,"href":"https:\/\/www.sincomam.org.br\/index.php\/wp-json\/wp\/v2\/tags?post=18697"}],"curies":[{"name":"wp","href":"https:\/\/api.w.org\/{rel}","templated":true}]}}