{"id":18678,"date":"2016-03-11T00:00:11","date_gmt":"2016-03-11T03:00:11","guid":{"rendered":"http:\/\/www.sincomam.org.br\/?p=18678"},"modified":"2016-03-10T22:07:54","modified_gmt":"2016-03-11T01:07:54","slug":"dolar-fecha-abaixo-de-r-365-na-menor-cotacao-em-mais-de-6-meses","status":"publish","type":"post","link":"https:\/\/www.sincomam.org.br\/index.php\/dolar-fecha-abaixo-de-r-365-na-menor-cotacao-em-mais-de-6-meses\/","title":{"rendered":"D\u00f3lar fecha abaixo de R$ 3,65, na menor cota\u00e7\u00e3o em mais de 6 meses"},"content":{"rendered":"<p>O d\u00f3lar voltou a cair em rela\u00e7\u00e3o ao real, encerrando abaixo de R$ 3,65 pela primeira vez desde agosto de 2015, reagindo ao ambiente pol\u00edtico e \u00e0\u00a0den\u00fancia do Minist\u00e9rio P\u00fablico paulista contra o ex-presidente Luiz In\u00e1cio Lula da Silva.<\/p>\n<div>A moeda norte-americana terminou o dia em queda de 1,50%, a R$ 3,6414 &#8211; menor cota\u00e7\u00e3o desde 31 de agosto de 2015, quando a divisa fechou a R$ 3,6271.\u00a0\u00a0<\/p>\n<p>Na m\u00ednima da sess\u00e3o, o d\u00f3lar atingiu R$ 3,6349, ap\u00f3s chegar a subir a R$ 3,7110 diante de especula\u00e7\u00f5es de que o Banco Central poderia reduzir sua interven\u00e7\u00e3o cambial, segundo a ag\u00eancia Reuters.<\/p>\n<p>Com o movimento desta quinta-feira, a moeda dos EUA fechou em queda em sete das \u00faltimas oito sess\u00f5es, acumulando queda de 9,04% no per\u00edodo.<\/p>\n<p>No ano, o d\u00f3lar acumula queda de 7,77%.<\/p>\n<p><strong>Fator pol\u00edtico<\/strong><br \/>&#8220;O fator pol\u00edtico \u00e9 o grande direcionador da moeda e assim ser\u00e1 por algum tempo&#8221;, disse o economista da corretora Lerosa Investimentos Carlos Vieira \u00e0 ag\u00eancia Reuters. Na noite passada, o MP paulista denunciou Lula por suspeita de ser o propriet\u00e1rio oculto de um apartamento tr\u00edplex no Guaruj\u00e1, no litoral paulista.<\/p>\n<p>Muitos operadores v\u00eam vendendo d\u00f3lares, em um movimento concentrado no mercado futuro, apostando que eventuais mudan\u00e7as no governo poderiam ajudar a recupera\u00e7\u00e3o da economia brasileira. Alguns analistas ponderam, por\u00e9m, que as turbul\u00eancias pol\u00edticas tendem a pressionar a confian\u00e7a.<\/p>\n<p>A forte queda do d\u00f3lar vista mais cedo foi influenciada tamb\u00e9m pela decis\u00e3o do Banco Central Europeu de afrouxar a pol\u00edtica monet\u00e1ria mais do que o esperado. Esse efeito perdeu for\u00e7a ao longo da manh\u00e3, por\u00e9m, ap\u00f3s o presidente do BCE, Mario Draghi, afirmar que n\u00e3o prev\u00ea mais cortes de juros \u00e0 frente.<\/p>\n<p><strong>Atua\u00e7\u00e3o do BC e do Tesouro<\/strong><br \/>O movimento de queda da moeda norte-americana era limitado, por\u00e9m, segundo a Reuters, porque alguns operadores acreditam que o BC pode aproveitar a queda recente para reduzir o estoque de swaps cambiais, contratos equivalentes a venda futura de d\u00f3lares.<\/p>\n<p>Na sexta-feira passada, quando o d\u00f3lar desabou ap\u00f3s Lula ser levado para questionamento pela Pol\u00edcia Federal, o BC vendeu apenas parcialmente a oferta de swaps para rolagem dos contratos para abril. No entanto, a autoridade monet\u00e1ria n\u00e3o reduziu a oferta nos leil\u00f5es seguintes e voltou a vender desde ent\u00e3o o lote integral.<\/p>\n<p>Nesta sess\u00e3o, o BC continuou na mesma toada e vendeu a oferta total de 9,6 mil contratos no leil\u00e3o de swaps para rolagem nesta sess\u00e3o. Ao todo, o Banco Central j\u00e1 rolou 3,663 bilh\u00f5es de d\u00f3lares, ou cerca de 36% do lote total para abril, que equivale a 10,092 bilh\u00f5es de d\u00f3lares.<\/p>\n<p>O governo brasileiro anunciou nesta quinta-feira que est\u00e1 voltando ao mercado externo com a emiss\u00e3o de um t\u00edtulo denominado em d\u00f3lares com prazo de 10 anos, na primeira capta\u00e7\u00e3o externa de recursos desde que o pa\u00eds perdeu o grau de investimento<a href=\"http:\/\/g1.globo.com\/economia\/noticia\/2016\/03\/apos-um-ano-e-meio-governo-anuncia-captacao-externa-de-recursos.html\">\u00a0<\/a>pelas ag\u00eancias de classifica\u00e7\u00e3o de risco.<\/p>\n<p>O t\u00edtulo ser\u00e1 emitido no mercado global e o resultado da opera\u00e7\u00e3o, ou seja, a taxa de juros cobrada pelos investidores e o volume de pap\u00e9is emitido, ser\u00e1 divulgado ao final desta quinta-feira.<\/p>\n<p>Fonte: G1<\/p>\n<\/div>\n","protected":false},"excerpt":{"rendered":"<p>O d\u00f3lar voltou a cair em rela\u00e7\u00e3o ao real, encerrando abaixo de R$ 3,65 pela primeira vez desde agosto de 2015, reagindo ao ambiente pol\u00edtico&#8230;<\/p>\n","protected":false},"author":1182,"featured_media":18080,"comment_status":"closed","ping_status":"closed","sticky":false,"template":"","format":"standard","meta":{"footnotes":""},"categories":[6],"tags":[],"class_list":["post-18678","post","type-post","status-publish","format-standard","has-post-thumbnail","hentry","category-noticias"],"_links":{"self":[{"href":"https:\/\/www.sincomam.org.br\/index.php\/wp-json\/wp\/v2\/posts\/18678","targetHints":{"allow":["GET"]}}],"collection":[{"href":"https:\/\/www.sincomam.org.br\/index.php\/wp-json\/wp\/v2\/posts"}],"about":[{"href":"https:\/\/www.sincomam.org.br\/index.php\/wp-json\/wp\/v2\/types\/post"}],"author":[{"embeddable":true,"href":"https:\/\/www.sincomam.org.br\/index.php\/wp-json\/wp\/v2\/users\/1182"}],"replies":[{"embeddable":true,"href":"https:\/\/www.sincomam.org.br\/index.php\/wp-json\/wp\/v2\/comments?post=18678"}],"version-history":[{"count":1,"href":"https:\/\/www.sincomam.org.br\/index.php\/wp-json\/wp\/v2\/posts\/18678\/revisions"}],"predecessor-version":[{"id":18679,"href":"https:\/\/www.sincomam.org.br\/index.php\/wp-json\/wp\/v2\/posts\/18678\/revisions\/18679"}],"wp:featuredmedia":[{"embeddable":true,"href":"https:\/\/www.sincomam.org.br\/index.php\/wp-json\/wp\/v2\/media\/18080"}],"wp:attachment":[{"href":"https:\/\/www.sincomam.org.br\/index.php\/wp-json\/wp\/v2\/media?parent=18678"}],"wp:term":[{"taxonomy":"category","embeddable":true,"href":"https:\/\/www.sincomam.org.br\/index.php\/wp-json\/wp\/v2\/categories?post=18678"},{"taxonomy":"post_tag","embeddable":true,"href":"https:\/\/www.sincomam.org.br\/index.php\/wp-json\/wp\/v2\/tags?post=18678"}],"curies":[{"name":"wp","href":"https:\/\/api.w.org\/{rel}","templated":true}]}}