{"id":18661,"date":"2016-03-10T00:10:26","date_gmt":"2016-03-10T03:10:26","guid":{"rendered":"http:\/\/www.sincomam.org.br\/?p=18661"},"modified":"2016-03-09T21:17:47","modified_gmt":"2016-03-10T00:17:47","slug":"presidente-de-petroleira-argentina-ypf-deixara-o-cargo","status":"publish","type":"post","link":"https:\/\/www.sincomam.org.br\/index.php\/presidente-de-petroleira-argentina-ypf-deixara-o-cargo\/","title":{"rendered":"Presidente de petroleira argentina YPF deixar\u00e1 o cargo"},"content":{"rendered":"<p>O governo da Argentina<strong>\u00a0<\/strong>anunciou que vai retirar Miguel Galuccio da presid\u00eancia da petroleira<strong>\u00a0<\/strong>estatal YPF\u00a0a fim de promover uma renova\u00e7\u00e3o na empresa e sem questionar sua gest\u00e3o, revelou uma alta fonte oficial.<\/p>\n<p>&#8220;As autoridades acharam que era importante consolidar uma nova equipe de gest\u00e3o. Galuccio foi um bom funcion\u00e1rio que atuou em um momento muito dif\u00edcil&#8221;, disse o presidente provis\u00f3rio do Senado, Federico Pinedo, um dos l\u00edderes da alian\u00e7a governista de centro-direita Cambiemos.<\/p>\n<p>Galuccio foi nomeado pela ex-presidente Cristina Kirchner (2007-2015), quando em 2012 expropriou as a\u00e7\u00f5es de controle da maior companhia do pa\u00eds \u00e0 Repsol. A Argentina indenizou a empresa europeia por aproximadamente 5 bilh\u00f5es de d\u00f3lares.<\/p>\n<p>Galuccio continuar\u00e1 \u00e0 frente da companhia at\u00e9 a pr\u00f3xima assembleia de acionistas. &#8220;Foram quatro anos que mudamos o rumo da YPF para voltar a convert\u00ea-la no motor do desenvolvimento energ\u00e9tico do pa\u00eds&#8221;, disse em um comunicado \u00e0 imprensa.<\/p>\n<p>Ap\u00f3s uma reuni\u00e3o com o ministro de Energia, Juan Jos\u00e9 Aranguren, Pinedo questionou as contas da petroleira, citando &#8220;uma d\u00edvida inesperada de quase 400 milh\u00f5es de d\u00f3lares&#8221; com a Bol\u00edvia pela importa\u00e7\u00e3o de g\u00e1s.<\/p>\n<p>&#8220;A Bol\u00edvia n\u00e3o pagava o g\u00e1s desde meados do ano passado&#8221;, afirmou Pinedo.<\/p>\n<p>A apresenta\u00e7\u00e3o dos resultados econ\u00f4micos da petroleira, que segundo a imprensa local, registram um forte crescimento de seu passivo, atribu\u00eddo em parte \u00e0 forte desvaloriza\u00e7\u00e3o de 30% que impulsou Macri ap\u00f3s assumir em 10 de dezembro do ano passado.<\/p>\n<p>A YPF foi privatizada na d\u00e9cada de 1990 pelo governo liberal do presidente Carlos Menem (1989-99). Ao atravessar uma crise financeira e de produ\u00e7\u00e3o, Kirchner decidiu reestatiz\u00e1-la, com o argumento de recuperar a soberania hidrocarbonetos.<\/p>\n<p>Durante sua campanha eleitoral, Macri defendeu a continuidade de Gallucio e descartou a privatiza\u00e7\u00e3o da petroleira.<\/p>\n<p>Fonte: Exame<\/p>\n","protected":false},"excerpt":{"rendered":"<p>O governo da Argentina\u00a0anunciou que vai retirar Miguel Galuccio da presid\u00eancia da petroleira\u00a0estatal YPF\u00a0a fim de promover uma renova\u00e7\u00e3o na empresa e sem questionar sua&#8230;<\/p>\n","protected":false},"author":1182,"featured_media":18662,"comment_status":"closed","ping_status":"closed","sticky":false,"template":"","format":"standard","meta":{"footnotes":""},"categories":[6],"tags":[],"class_list":["post-18661","post","type-post","status-publish","format-standard","has-post-thumbnail","hentry","category-noticias"],"_links":{"self":[{"href":"https:\/\/www.sincomam.org.br\/index.php\/wp-json\/wp\/v2\/posts\/18661","targetHints":{"allow":["GET"]}}],"collection":[{"href":"https:\/\/www.sincomam.org.br\/index.php\/wp-json\/wp\/v2\/posts"}],"about":[{"href":"https:\/\/www.sincomam.org.br\/index.php\/wp-json\/wp\/v2\/types\/post"}],"author":[{"embeddable":true,"href":"https:\/\/www.sincomam.org.br\/index.php\/wp-json\/wp\/v2\/users\/1182"}],"replies":[{"embeddable":true,"href":"https:\/\/www.sincomam.org.br\/index.php\/wp-json\/wp\/v2\/comments?post=18661"}],"version-history":[{"count":1,"href":"https:\/\/www.sincomam.org.br\/index.php\/wp-json\/wp\/v2\/posts\/18661\/revisions"}],"predecessor-version":[{"id":18663,"href":"https:\/\/www.sincomam.org.br\/index.php\/wp-json\/wp\/v2\/posts\/18661\/revisions\/18663"}],"wp:featuredmedia":[{"embeddable":true,"href":"https:\/\/www.sincomam.org.br\/index.php\/wp-json\/wp\/v2\/media\/18662"}],"wp:attachment":[{"href":"https:\/\/www.sincomam.org.br\/index.php\/wp-json\/wp\/v2\/media?parent=18661"}],"wp:term":[{"taxonomy":"category","embeddable":true,"href":"https:\/\/www.sincomam.org.br\/index.php\/wp-json\/wp\/v2\/categories?post=18661"},{"taxonomy":"post_tag","embeddable":true,"href":"https:\/\/www.sincomam.org.br\/index.php\/wp-json\/wp\/v2\/tags?post=18661"}],"curies":[{"name":"wp","href":"https:\/\/api.w.org\/{rel}","templated":true}]}}