{"id":18654,"date":"2016-03-10T00:01:19","date_gmt":"2016-03-10T03:01:19","guid":{"rendered":"http:\/\/www.sincomam.org.br\/?p=18654"},"modified":"2016-03-09T21:12:07","modified_gmt":"2016-03-10T00:12:07","slug":"cunha-diz-que-impeachment-tera-andamento-na-camara-dia-17","status":"publish","type":"post","link":"https:\/\/www.sincomam.org.br\/index.php\/cunha-diz-que-impeachment-tera-andamento-na-camara-dia-17\/","title":{"rendered":"Cunha diz que impeachment ter\u00e1 andamento na C\u00e2mara dia 17"},"content":{"rendered":"<p>O presidente da C\u00e2mara dos Deputados, Eduardo Cunha (PMDB-RJ), confirmou que o processo de impeachment da presidente Dilma Rousseff deve voltar a andar na quinta-feira da pr\u00f3xima semana na Casa, no dia seguinte ao julgamento dos embargos de declara\u00e7\u00e3o do Supremo Tribunal Federal (STF). A sess\u00e3o da Corte est\u00e1 marcada para quarta-feira, 16.<\/p>\n<p>&#8220;N\u00f3s daremos alguma sequ\u00eancia \u00f3bvia na quinta-feira, sem d\u00favida nenhuma. N\u00e3o podemos ter paralisado o processo, at\u00e9 porque a oposi\u00e7\u00e3o est\u00e1 em obstru\u00e7\u00e3o&#8221;, afirmou.<\/p>\n<p>Cunha disse que n\u00e3o h\u00e1 l\u00f3gica em deixar a elei\u00e7\u00e3o da comiss\u00e3o processante para a semana santa.<\/p>\n<p>Durante a sess\u00e3o desta tarde, o peemedebista informou ao plen\u00e1rio que estender\u00e1 a sess\u00e3o da quinta-feira, 17, pelo tempo necess\u00e1rio para a escolha da comiss\u00e3o especial. &#8220;O que tiver de fazer ser\u00e1 feito na quinta-feira&#8221;, declarou.<\/p>\n<p>Cunha prev\u00ea que nesta semana n\u00e3o haja vota\u00e7\u00f5es importantes na Casa porque h\u00e1 um clima de obstru\u00e7\u00e3o em curso, seja pela oposi\u00e7\u00e3o ou pela base governista.<\/p>\n<p>Ele acredita que o projeto que suspende a regra de c\u00e1lculo das d\u00edvidas dos Estados e munic\u00edpios tem condi\u00e7\u00f5es de ser votado na pr\u00f3xima ter\u00e7a-feira, 15.<\/p>\n<p>&#8220;Hoje mais permanece o desejo de obstru\u00e7\u00e3o da oposi\u00e7\u00e3o que o governo n\u00e3o est\u00e1 com vontade de enfrentar&#8221;, concluiu.<\/p>\n<p>Ele disse que faz parte do Parlamento manobras de obstru\u00e7\u00e3o, ora de governistas, ora de oposicionistas.<\/p>\n<p>&#8220;Voc\u00ea n\u00e3o vai achar que aqui tem l\u00f3gica tudo, n\u00e9? Muitas coisas s\u00e3o feitas pela l\u00f3gica do dia e do momento&#8221;, completou o deputado, ressaltando que o governo n\u00e3o tem cumprido os acordos para votar o projeto do deputado Esperidi\u00e3o Amin (PP-SC).<\/p>\n<p><strong>Conselho de \u00c9tica<\/strong><\/p>\n<p>Sobre a suspeita de que houve falsifica\u00e7\u00e3o da assinatura do deputado Vin\u00edcius Gurgel (PR-AP) na carta de ren\u00fancia como titular do Conselho de \u00c9tica, o peemedebista voltou a repetir que n\u00e3o teve participa\u00e7\u00e3o no epis\u00f3dio.<\/p>\n<p>Questionado se a Mesa Diretora n\u00e3o checou a autenticidade da firma, Cunha informou que os t\u00e9cnicos sempre conferem as assinaturas, mas que ele n\u00e3o interfere neste trabalho.<\/p>\n<p>&#8220;Eu n\u00e3o tenho interfer\u00eancia no que a Mesa faz, \u00e9 bom deixar isso claro. Isso \u00e9 uma coisa autom\u00e1tica&#8221;, enfatizou.<\/p>\n<p>Cunha disse que n\u00e3o \u00e9 porque um jornal publicou que dois peritos detectaram a falsifica\u00e7\u00e3o da assinatura de um parlamentar que a Casa vai instalar automaticamente um procedimento de investiga\u00e7\u00e3o.<\/p>\n<p>&#8220;A Mesa tem seu tr\u00e2mite para cuidar, ou algu\u00e9m acha que o presidente da Casa que vai conferir assinatura?&#8221;, insistiu.<\/p>\n<p>O peemedebista recha\u00e7ou a hip\u00f3tese de atrelar seu nome ao epis\u00f3dio.<\/p>\n<p>&#8220;N\u00e3o d\u00e1 para eu aceitar querer me atribuir qualquer tipo de m\u00e9todos ao qual n\u00e3o participei. Ent\u00e3o n\u00e3o posso aceitar nem a insinua\u00e7\u00e3o dessa natureza, eu repudio de forma veemente qualquer insinua\u00e7\u00e3o e n\u00e3o vou permitir que ningu\u00e9m o fa\u00e7a&#8221;, rebateu.<\/p>\n<p>Fonte: Exame<\/p>\n","protected":false},"excerpt":{"rendered":"<p>O presidente da C\u00e2mara dos Deputados, Eduardo Cunha (PMDB-RJ), confirmou que o processo de impeachment da presidente Dilma Rousseff deve voltar a andar na quinta-feira&#8230;<\/p>\n","protected":false},"author":1182,"featured_media":18655,"comment_status":"closed","ping_status":"closed","sticky":false,"template":"","format":"standard","meta":{"footnotes":""},"categories":[6],"tags":[],"class_list":["post-18654","post","type-post","status-publish","format-standard","has-post-thumbnail","hentry","category-noticias"],"_links":{"self":[{"href":"https:\/\/www.sincomam.org.br\/index.php\/wp-json\/wp\/v2\/posts\/18654","targetHints":{"allow":["GET"]}}],"collection":[{"href":"https:\/\/www.sincomam.org.br\/index.php\/wp-json\/wp\/v2\/posts"}],"about":[{"href":"https:\/\/www.sincomam.org.br\/index.php\/wp-json\/wp\/v2\/types\/post"}],"author":[{"embeddable":true,"href":"https:\/\/www.sincomam.org.br\/index.php\/wp-json\/wp\/v2\/users\/1182"}],"replies":[{"embeddable":true,"href":"https:\/\/www.sincomam.org.br\/index.php\/wp-json\/wp\/v2\/comments?post=18654"}],"version-history":[{"count":1,"href":"https:\/\/www.sincomam.org.br\/index.php\/wp-json\/wp\/v2\/posts\/18654\/revisions"}],"predecessor-version":[{"id":18656,"href":"https:\/\/www.sincomam.org.br\/index.php\/wp-json\/wp\/v2\/posts\/18654\/revisions\/18656"}],"wp:featuredmedia":[{"embeddable":true,"href":"https:\/\/www.sincomam.org.br\/index.php\/wp-json\/wp\/v2\/media\/18655"}],"wp:attachment":[{"href":"https:\/\/www.sincomam.org.br\/index.php\/wp-json\/wp\/v2\/media?parent=18654"}],"wp:term":[{"taxonomy":"category","embeddable":true,"href":"https:\/\/www.sincomam.org.br\/index.php\/wp-json\/wp\/v2\/categories?post=18654"},{"taxonomy":"post_tag","embeddable":true,"href":"https:\/\/www.sincomam.org.br\/index.php\/wp-json\/wp\/v2\/tags?post=18654"}],"curies":[{"name":"wp","href":"https:\/\/api.w.org\/{rel}","templated":true}]}}