{"id":18501,"date":"2016-03-01T09:48:07","date_gmt":"2016-03-01T12:48:07","guid":{"rendered":"http:\/\/www.sincomam.org.br\/?p=18501"},"modified":"2016-03-01T09:48:07","modified_gmt":"2016-03-01T12:48:07","slug":"cobranca-extra-na-conta-de-luz-cai-pela-metade","status":"publish","type":"post","link":"https:\/\/www.sincomam.org.br\/index.php\/cobranca-extra-na-conta-de-luz-cai-pela-metade\/","title":{"rendered":"Cobran\u00e7a extra na conta de luz cai pela metade"},"content":{"rendered":"<p><span><span>A bandeira tarif\u00e1ria, que aplica uma cobran\u00e7a extra nas contas de luz, sai da cor vermelha para a amarela a partir desta ter\u00e7a-feira (1\u00ba) em todo o pa\u00eds. Com a mudan\u00e7a, o custo adicional para os consumidores cai de R$ 3 para R$ 1,50 a cada 100 quilowatts-hora (kWh) de energia consumidos.<\/p>\n<p>A Ag\u00eancia Nacional de Energia El\u00e9trica (Aneel) estima que a troca da bandeira para amarela vai gerar uma redu\u00e7\u00e3o m\u00e9dia de 3% no valor da tarifa de luz no Brasil em mar\u00e7o. Esse barateamento pode chegar a 6%, em abril, quando a bandeira ir\u00e1 para verde e a cobran\u00e7a extra suspensa<a href=\"http:\/\/g1.globo.com\/economia\/noticia\/2016\/02\/cobranca-extra-na-conta-de-luz-sera-eliminada-em-abril.html\">.<\/a><\/p>\n<p><span>Esta \u00e9 a primeira vez desde que o sistema de bandeiras entrou em vigor, em janeiro de 2015, que a bandeira sai do vermelho, cor que indica que o custo da produ\u00e7\u00e3o de energia no pa\u00eds est\u00e1 muito alto. A passagem para a amarela significa que a situa\u00e7\u00e3o apresentou melhora.<\/span><\/p>\n<p><span>Em 2015, os brasileiros pagaram um total de R$ 14,712 bilh\u00f5es<\/span><span>\u00a0a mais nas contas de luz devido \u00e0 cobran\u00e7a da bandeira tarif\u00e1ria.<\/span><\/p>\n<p><span>O governo informou que ser\u00e3o desligadas em mar\u00e7o 21 usinas termel\u00e9tricas, que produzem energia mais cara que as hidrel\u00e9tricas. Isso foi poss\u00edvel, segundo o Minist\u00e9rio de Minas e Energia, ap\u00f3s avalia\u00e7\u00e3o de tr\u00eas fatores combinados: consumo de energia, n\u00edvel dos reservat\u00f3rios e entrada de energia nova no sistema.<\/span><\/p>\n<p><strong>Bandeira verde<\/strong><br \/><span>Em abril come\u00e7a a valer a bandeira verde \u2013 que representa a aus\u00eancia de cobran\u00e7a adicional nas contas de luz. Segundo o sistema, a bandeira verde indica que a situa\u00e7\u00e3o no setor el\u00e9trico est\u00e1 normal.<\/span><\/p>\n<p><span>Na semana passada, ao anunciar que a bandeira verde entra em vigor em abril, o ministro de Minas e Energia, Eduardo Braga, afirmou que a tarifa de energia el\u00e9trica &#8220;efetivamente est\u00e1 no ciclo de vi\u00e9s de baixa&#8221;, ou seja, est\u00e1 caindo. Entretanto, ele ponderou que, se houver necessidade, usinas t\u00e9rmicas que j\u00e1 foram desligadas podem ser acionadas novamente.<\/span><\/p>\n<p><span>&#8220;Se porventura houver um desastre no risco hidrol\u00f3gico brasileiro, n\u00e3o significa que n\u00e3o podemos religar t\u00e9rmicas. A raz\u00e3o de ter regime de bandeiras \u00e9 que tenhamos flexibilidade para administrar melhor o custo da tarifa de energia el\u00e9trica para o consumidor&#8221;, disse.<\/span><\/p>\n<p><\/span><\/span><\/p>\n<p><strong>Hidrel\u00e9tricas<\/strong><br \/>O desligamento de parte das termel\u00e9tricas, que permite a mudan\u00e7a na cor da bandeira, \u00e9 poss\u00edvel porque, neste ver\u00e3o, vem chovendo bastante no Sudeste e no Centro-Oeste do pa\u00eds. As duas regi\u00f5es concentram hidrel\u00e9tricas que respondem por cerca de 70% da capacidade brasileira de gera\u00e7\u00e3o de eletricidade.<\/p>\n<p>Com mais chuvas, aumentou a quantidade de \u00e1gua armazenada nos reservat\u00f3rios dessas hidrel\u00e9tricas. Isso permite ao governo usar a energia das hidrel\u00e9tricas para atender a uma parte maior da demanda nacional e, consequentemente, reduzir o uso de termel\u00e9tricas.<\/p>\n<p>Para se ter uma ideia, de 31 de dezembro de 2015 a 28 de fevereiro de 2016, as hidrel\u00e9tricas do Sudeste e Centro-Oeste sa\u00edram de um armazenamento m\u00e9dio de 29,82% para 50,69%.<\/p>\n<p>At\u00e9 o in\u00edcio do ano passado, a situa\u00e7\u00e3o era bem diferente: reservat\u00f3rios registravam n\u00edveis muito baixos devido \u00e0 estiagem.<\/p>\n<p>Outro fator que permite o desligamento de parte das t\u00e9rmicas \u00e9 a queda no consumo de energia no pa\u00eds, resultado da crise econ\u00f4mica.<\/p>\n<p><strong>Contas de luz<\/strong><br \/>Assim como o uso mais intenso das termel\u00e9tricas ajudou a aumentar o pre\u00e7o da energia no pa\u00eds, o desligamento delas \u2013 junto com a suspens\u00e3o da cobran\u00e7a das bandeiras \u2013 vai contribuir, em 2016, para baratear um pouco as contas de luz.<\/p>\n<p>Mas ainda n\u00e3o \u00e9 poss\u00edvel saber o impacto dessas decis\u00f5es para os consumidores, j\u00e1 que esse custo varia de acordo com a distribuidora \u2013 s\u00e3o 63 em todo o pa\u00eds. Nos pr\u00f3ximos meses, a Ag\u00eancia Nacional de Energia El\u00e9trica (Aneel) vai analisar o reajuste anual de cada uma delas.<\/p>\n<p>Por\u00e9m, h\u00e1 ainda outros custos pressionando o pre\u00e7o da tarifa el\u00e9trica no Brasil. Isso impede que a queda no valor das contas de luz seja maior e compense os fortes aumentos registrados no ano passado.<\/p>\n<p>Entre esses custos est\u00e1 o repasse, aos consumidores, dos R$12,9 bilh\u00f5es da Conta de Desenvolvimento Energ\u00e9tico (CDE)\u00a0e o pagamento dos empr\u00e9stimos banc\u00e1rios feito pelo governo entre 2014 e 2015, para socorrer as distribuidoras.<\/p>\n<p>Fonte: G1<\/p>\n","protected":false},"excerpt":{"rendered":"<p>A bandeira tarif\u00e1ria, que aplica uma cobran\u00e7a extra nas contas de luz, sai da cor vermelha para a amarela a partir desta ter\u00e7a-feira (1\u00ba) em&#8230;<\/p>\n","protected":false},"author":1182,"featured_media":17940,"comment_status":"closed","ping_status":"closed","sticky":false,"template":"","format":"standard","meta":{"footnotes":""},"categories":[6],"tags":[],"class_list":["post-18501","post","type-post","status-publish","format-standard","has-post-thumbnail","hentry","category-noticias"],"_links":{"self":[{"href":"https:\/\/www.sincomam.org.br\/index.php\/wp-json\/wp\/v2\/posts\/18501","targetHints":{"allow":["GET"]}}],"collection":[{"href":"https:\/\/www.sincomam.org.br\/index.php\/wp-json\/wp\/v2\/posts"}],"about":[{"href":"https:\/\/www.sincomam.org.br\/index.php\/wp-json\/wp\/v2\/types\/post"}],"author":[{"embeddable":true,"href":"https:\/\/www.sincomam.org.br\/index.php\/wp-json\/wp\/v2\/users\/1182"}],"replies":[{"embeddable":true,"href":"https:\/\/www.sincomam.org.br\/index.php\/wp-json\/wp\/v2\/comments?post=18501"}],"version-history":[{"count":1,"href":"https:\/\/www.sincomam.org.br\/index.php\/wp-json\/wp\/v2\/posts\/18501\/revisions"}],"predecessor-version":[{"id":18502,"href":"https:\/\/www.sincomam.org.br\/index.php\/wp-json\/wp\/v2\/posts\/18501\/revisions\/18502"}],"wp:featuredmedia":[{"embeddable":true,"href":"https:\/\/www.sincomam.org.br\/index.php\/wp-json\/wp\/v2\/media\/17940"}],"wp:attachment":[{"href":"https:\/\/www.sincomam.org.br\/index.php\/wp-json\/wp\/v2\/media?parent=18501"}],"wp:term":[{"taxonomy":"category","embeddable":true,"href":"https:\/\/www.sincomam.org.br\/index.php\/wp-json\/wp\/v2\/categories?post=18501"},{"taxonomy":"post_tag","embeddable":true,"href":"https:\/\/www.sincomam.org.br\/index.php\/wp-json\/wp\/v2\/tags?post=18501"}],"curies":[{"name":"wp","href":"https:\/\/api.w.org\/{rel}","templated":true}]}}