{"id":18490,"date":"2016-02-29T09:48:04","date_gmt":"2016-02-29T12:48:04","guid":{"rendered":"http:\/\/www.sincomam.org.br\/?p=18490"},"modified":"2016-02-29T09:48:04","modified_gmt":"2016-02-29T12:48:04","slug":"previsao-de-queda-do-pib-em-2016-passa-de-340-para-345","status":"publish","type":"post","link":"https:\/\/www.sincomam.org.br\/index.php\/previsao-de-queda-do-pib-em-2016-passa-de-340-para-345\/","title":{"rendered":"Previs\u00e3o de queda do PIB em 2016 passa de 3,40% para 3,45%"},"content":{"rendered":"<p>O Produto Interno Bruto (PIB)<a href=\"http:\/\/www.exame.com.br\/topicos\/pib-do-brasil\"><strong>\u00a0<\/strong><\/a>deste ano deve ter retra\u00e7\u00e3o de 3,45%, de acordo com o Relat\u00f3rio de Mercado Focus, divulgado nesta segunda-feira, 29, pelo Banco Central.<\/p>\n<p>Na edi\u00e7\u00e3o anterior do documento, a estimativa era de baixa de 3,40% e na de quatro semanas atr\u00e1s, de recuo de 3,01%. Para 2017, foi mantida a expectativa de recupera\u00e7\u00e3o em 0,50%, ap\u00f3s cinco semanas seguidas de redu\u00e7\u00e3o &#8211; um m\u00eas atr\u00e1s, a proje\u00e7\u00e3o era de crescimento de 0,70% da atividade.<\/p>\n<p>A produ\u00e7\u00e3o industrial \u00e9 o principal setor respons\u00e1vel pelas previs\u00f5es para o PIB em 2016 e 2017. No boletim Focus, a mediana das estimativas do mercado para o setor manufatureiro revela uma expectativa de baixa de 4,50% para este ano ante -4,40% prevista na semana passada.<\/p>\n<p>Na pesquisa realizada quatro semanas atr\u00e1s, a mediana das estimativas estava em -3,80%. Para 2017, a previs\u00e3o mudou de 1,00% para 0,80%. Quatro semanas antes, estava em 1,50%.<\/p>\n<p>Os economistas mexeram levemente em suas estimativas para o indicador que mede a rela\u00e7\u00e3o entre a d\u00edvida l\u00edquida do setor p\u00fablico e o PIB, uma das principais vari\u00e1veis acompanhadas pelas ag\u00eancias de classifica\u00e7\u00e3o de risco.<\/p>\n<p>Para 2016, a mediana das previs\u00f5es passou de 40,70% para 40,75% de uma semana para outra, ante 40,00% de quatro semanas antes. No caso de 2017, as expectativas permaneceram em 44,00% de uma edi\u00e7\u00e3o para a outra &#8211; no boletim divulgado h\u00e1 um m\u00eas a taxa era de 43,00%.<\/p>\n<p>Fonte: Exame<\/p>\n","protected":false},"excerpt":{"rendered":"<p>O Produto Interno Bruto (PIB)\u00a0deste ano deve ter retra\u00e7\u00e3o de 3,45%, de acordo com o Relat\u00f3rio de Mercado Focus, divulgado nesta segunda-feira, 29, pelo Banco&#8230;<\/p>\n","protected":false},"author":1182,"featured_media":18439,"comment_status":"closed","ping_status":"closed","sticky":false,"template":"","format":"standard","meta":{"footnotes":""},"categories":[6],"tags":[],"class_list":["post-18490","post","type-post","status-publish","format-standard","has-post-thumbnail","hentry","category-noticias"],"_links":{"self":[{"href":"https:\/\/www.sincomam.org.br\/index.php\/wp-json\/wp\/v2\/posts\/18490","targetHints":{"allow":["GET"]}}],"collection":[{"href":"https:\/\/www.sincomam.org.br\/index.php\/wp-json\/wp\/v2\/posts"}],"about":[{"href":"https:\/\/www.sincomam.org.br\/index.php\/wp-json\/wp\/v2\/types\/post"}],"author":[{"embeddable":true,"href":"https:\/\/www.sincomam.org.br\/index.php\/wp-json\/wp\/v2\/users\/1182"}],"replies":[{"embeddable":true,"href":"https:\/\/www.sincomam.org.br\/index.php\/wp-json\/wp\/v2\/comments?post=18490"}],"version-history":[{"count":1,"href":"https:\/\/www.sincomam.org.br\/index.php\/wp-json\/wp\/v2\/posts\/18490\/revisions"}],"predecessor-version":[{"id":18491,"href":"https:\/\/www.sincomam.org.br\/index.php\/wp-json\/wp\/v2\/posts\/18490\/revisions\/18491"}],"wp:featuredmedia":[{"embeddable":true,"href":"https:\/\/www.sincomam.org.br\/index.php\/wp-json\/wp\/v2\/media\/18439"}],"wp:attachment":[{"href":"https:\/\/www.sincomam.org.br\/index.php\/wp-json\/wp\/v2\/media?parent=18490"}],"wp:term":[{"taxonomy":"category","embeddable":true,"href":"https:\/\/www.sincomam.org.br\/index.php\/wp-json\/wp\/v2\/categories?post=18490"},{"taxonomy":"post_tag","embeddable":true,"href":"https:\/\/www.sincomam.org.br\/index.php\/wp-json\/wp\/v2\/tags?post=18490"}],"curies":[{"name":"wp","href":"https:\/\/api.w.org\/{rel}","templated":true}]}}