{"id":18488,"date":"2016-02-29T08:21:47","date_gmt":"2016-02-29T11:21:47","guid":{"rendered":"http:\/\/www.sincomam.org.br\/?p=18488"},"modified":"2016-02-29T09:31:32","modified_gmt":"2016-02-29T12:31:32","slug":"apos-pressao-do-pt-cardozo-decide-deixar-ministerio","status":"publish","type":"post","link":"https:\/\/www.sincomam.org.br\/index.php\/apos-pressao-do-pt-cardozo-decide-deixar-ministerio\/","title":{"rendered":"Ap\u00f3s press\u00e3o do PT, Cardozo decide deixar minist\u00e9rio"},"content":{"rendered":"<p>O ministro da Justi\u00e7a, Jos\u00e9 Eduardo Cardozo, decidiu deixar o governo. Pressionado pelo PT ap\u00f3s rumores de que o ex-presidente Luiz In\u00e1cio Lula da Silva seria alvo de quebras de sigilos banc\u00e1rio, telef\u00f4nico e fiscal no \u00e2mbito da Opera\u00e7\u00e3o Lava Jato, Cardozo se sente injusti\u00e7ado e resolveu entregar o cargo \u00e0 presidente Dilma Rousseff.<\/p>\n<p>No s\u00e1bado, 27, Lula se queixou de estar sendo perseguido pela Pol\u00edcia Federal e pelo Minist\u00e9rio P\u00fablico ao participar da festa de 36 anos do PT.<\/p>\n<p>&#8220;Eu j\u00e1 fui prestar v\u00e1rios depoimentos. Recebi uma intima\u00e7\u00e3o de que, a partir de segunda-feira (hoje), v\u00e3o quebrar meu sigilo banc\u00e1rio, telef\u00f4nico, fiscal. O meu, da Marisa, do meu neto, se precisar at\u00e9 da minha netinha de um m\u00eas&#8221;, disse o ex-presidente, sob aplausos. &#8220;Se esse for o pre\u00e7o que a gente tem que pagar para provar nossa inoc\u00eancia, que fa\u00e7am. A \u00fanica coisa que quero \u00e9 que, depois (?), me deem um atestado de idoneidade porque duvido que tenha algu\u00e9m mais honesto que eu neste Pa\u00eds.&#8221;<\/p>\n<p>A amigos com quem conversou ontem, Cardozo n\u00e3o escondeu o seu aborrecimento com os ataques e afirmou que o PT n\u00e3o entende o seu papel quando critica a falta de controle sobre a Pol\u00edcia Federal. O ministro argumenta que a corpora\u00e7\u00e3o tem autonomia para fazer investiga\u00e7\u00f5es e ele s\u00f3 pode atuar em caso de viola\u00e7\u00e3o de direitos.<\/p>\n<p>No \u00faltimo dia 22, uma comiss\u00e3o de dez deputados federais do PT esteve no gabinete de Cardozo para fazer nova reclama\u00e7\u00e3o. Os parlamentares cobraram dele provid\u00eancias sobre as investiga\u00e7\u00f5es relativas a Lula e pediram que a Pol\u00edcia Federal centrasse fogo na apura\u00e7\u00e3o de den\u00fancias contra o ex-presidente Fernando Henrique Cardoso.<\/p>\n<p>Os petistas tamb\u00e9m disseram ao ministro ter certeza de que o objetivo da for\u00e7a-tarefa da Lava Jato era prender Lula e o criticaram at\u00e9 mesmo por tirar fotos com o &#8220;japon\u00eas da Federal&#8221;, numa refer\u00eancia ao agente da PF Newton Ishii, que chegou a ser expulso da corpora\u00e7\u00e3o em 2003 e foi reintegrado depois. Ishii se tornou conhecido por escoltar presos da Lava Jato.<\/p>\n<p>A pris\u00e3o do marqueteiro Jo\u00e3o Santana, que fez campanhas de Dilma e Lula, tamb\u00e9m refor\u00e7ou a press\u00e3o feita por setores do PT, com apoio do ex-presidente, para que Cardozo seja substitu\u00eddo.<\/p>\n<p>No ano passado, Cardozo chegou a comunicar a Dilma a inten\u00e7\u00e3o de deixar o cargo, mas atendeu a um apelo da presidente e permaneceu no minist\u00e9rio. J\u00e1 na \u00e9poca ele era alvo de cr\u00edticas do PT por causa da Opera\u00e7\u00e3o Lava Jato. Cardozo \u00e9 um dos mais pr\u00f3ximos colaboradores da presidente desde a campanha de 2010. Ocupa o Minist\u00e9rio da Justi\u00e7a desde o primeiro mandato de Dilma.<\/p>\n<p>A rela\u00e7\u00e3o com Lula, por\u00e9m, n\u00e3o \u00e9 das melhores. Em reuni\u00e3o com deputados do PT e advogados no s\u00e1bado, antes da festa de anivers\u00e1rio do PT, o ex-presidente voltou a se queixar do ministro. Mesmo sob ataque, Lula ainda \u00e9 o nome que o PT conta para a elei\u00e7\u00e3o de 2018. O ex-presidente admitiu, no s\u00e1bado, que, se necess\u00e1rio, ser\u00e1 candidato para defender o seu legado e o PT.<\/p>\n<p>Sigilos<\/p>\n<p>O deputado Wadih Damous (PT-RJ), que se reuniu com Lula no s\u00e1bado, confirmou que um dos temas da conversa foi a informa\u00e7\u00e3o de que a Justi\u00e7a determinaria a quebra dos sigilos banc\u00e1rios, fiscal e telef\u00f4nico dele e de sua fam\u00edlia. Questionado sobre a rea\u00e7\u00e3o do ex-presidente \u00e0 uma poss\u00edvel decis\u00e3o judicial, Damous afirmou que &#8220;n\u00e3o h\u00e1 nenhum temor&#8221; em rela\u00e7\u00e3o a isso.<\/p>\n<p>Ele afirmou que o partido n\u00e3o tem &#8220;conhecimento do teor&#8221; dessa eventual medida. &#8220;Voc\u00eas (imprensa) sabem mais do que muitos advogados de defesa (de r\u00e9us da Opera\u00e7\u00e3o Lava Jato)&#8221;, disse. O deputado, que \u00e9 ex-presidente da Ordem dos Advogados do Brasil do Rio, sustentou que, se confirmada, a quebra de sigilo, &#8220;\u00e9 um ato arbitr\u00e1rio, pois n\u00e3o \u00e9 decorrente de ind\u00edcios&#8221;.<\/p>\n<p>Na noite de s\u00e1bado, ao chegar para a festa, na zona portu\u00e1ria do Rio, Damous afirmou que Lula &#8220;est\u00e1 indignado com essa campanha s\u00f3rdida, essa publicidade opressiva&#8221;. De acordo com ele, Lula chegou a brincar com a situa\u00e7\u00e3o &#8220;absurda&#8221;. &#8220;Poxa, eu sou dono sem ser&#8221;, afirmou o ex-presidente, ao reiterar que n\u00e3o \u00e9 propriet\u00e1rio do apartamento tr\u00edplex no Guaruj\u00e1 e nem do s\u00edtio em Atibaia (SP), alvos de investiga\u00e7\u00e3o da Pol\u00edcia Federal e do Minist\u00e9rio P\u00fablico.<\/p>\n<p>Fonte: O Estado de S\u00e3o Paulo<\/p>\n","protected":false},"excerpt":{"rendered":"<p>O ministro da Justi\u00e7a, Jos\u00e9 Eduardo Cardozo, decidiu deixar o governo. Pressionado pelo PT ap\u00f3s rumores de que o ex-presidente Luiz In\u00e1cio Lula da Silva&#8230;<\/p>\n","protected":false},"author":1182,"featured_media":18331,"comment_status":"closed","ping_status":"closed","sticky":false,"template":"","format":"standard","meta":{"footnotes":""},"categories":[6],"tags":[],"class_list":["post-18488","post","type-post","status-publish","format-standard","has-post-thumbnail","hentry","category-noticias"],"_links":{"self":[{"href":"https:\/\/www.sincomam.org.br\/index.php\/wp-json\/wp\/v2\/posts\/18488","targetHints":{"allow":["GET"]}}],"collection":[{"href":"https:\/\/www.sincomam.org.br\/index.php\/wp-json\/wp\/v2\/posts"}],"about":[{"href":"https:\/\/www.sincomam.org.br\/index.php\/wp-json\/wp\/v2\/types\/post"}],"author":[{"embeddable":true,"href":"https:\/\/www.sincomam.org.br\/index.php\/wp-json\/wp\/v2\/users\/1182"}],"replies":[{"embeddable":true,"href":"https:\/\/www.sincomam.org.br\/index.php\/wp-json\/wp\/v2\/comments?post=18488"}],"version-history":[{"count":1,"href":"https:\/\/www.sincomam.org.br\/index.php\/wp-json\/wp\/v2\/posts\/18488\/revisions"}],"predecessor-version":[{"id":18489,"href":"https:\/\/www.sincomam.org.br\/index.php\/wp-json\/wp\/v2\/posts\/18488\/revisions\/18489"}],"wp:featuredmedia":[{"embeddable":true,"href":"https:\/\/www.sincomam.org.br\/index.php\/wp-json\/wp\/v2\/media\/18331"}],"wp:attachment":[{"href":"https:\/\/www.sincomam.org.br\/index.php\/wp-json\/wp\/v2\/media?parent=18488"}],"wp:term":[{"taxonomy":"category","embeddable":true,"href":"https:\/\/www.sincomam.org.br\/index.php\/wp-json\/wp\/v2\/categories?post=18488"},{"taxonomy":"post_tag","embeddable":true,"href":"https:\/\/www.sincomam.org.br\/index.php\/wp-json\/wp\/v2\/tags?post=18488"}],"curies":[{"name":"wp","href":"https:\/\/api.w.org\/{rel}","templated":true}]}}