{"id":18480,"date":"2016-02-29T09:01:31","date_gmt":"2016-02-29T12:01:31","guid":{"rendered":"http:\/\/www.sincomam.org.br\/?p=18480"},"modified":"2016-02-29T09:01:31","modified_gmt":"2016-02-29T12:01:31","slug":"zona-do-euro-volta-a-registrar-deflacao-em-fevereiro","status":"publish","type":"post","link":"https:\/\/www.sincomam.org.br\/index.php\/zona-do-euro-volta-a-registrar-deflacao-em-fevereiro\/","title":{"rendered":"Zona do euro volta a registrar defla\u00e7\u00e3o em fevereiro"},"content":{"rendered":"<p>Os pre\u00e7os aos consumidores na zona do euro ca\u00edram mais do que o esperado na compara\u00e7\u00e3o anual em fevereiro, de acordo com a estimativa preliminar, aumentando a press\u00e3o sobre o Banco Central Europeu (BCE) para afrouxar ainda mais a pol\u00edtica monet\u00e1ria na pr\u00f3xima semana.<\/p>\n<div>\n<p>A ag\u00eancia de estat\u00edsticas da UE, Eurostat, informou nesta segunda-feira (29) que os pre\u00e7os ao consumidor nos 19 pa\u00edses que usam o euro ca\u00edram 0,2% na base anual, ante alta de 0,3% registrada em janeiro.<\/p>\n<p>O dado \u00e9 mais baixo do que o previsto e \u00e9 a primeira taxa negativa desde setembro, quando o \u00edndice recuou 0,1%. Economistas consultados pela Reuters esperavam estabilidade dos pre\u00e7os.<\/p>\n<\/div>\n","protected":false},"excerpt":{"rendered":"<p>Os pre\u00e7os aos consumidores na zona do euro ca\u00edram mais do que o esperado na compara\u00e7\u00e3o anual em fevereiro, de acordo com a estimativa preliminar,&#8230;<\/p>\n","protected":false},"author":1182,"featured_media":18022,"comment_status":"closed","ping_status":"closed","sticky":false,"template":"","format":"standard","meta":{"footnotes":""},"categories":[6],"tags":[],"class_list":["post-18480","post","type-post","status-publish","format-standard","has-post-thumbnail","hentry","category-noticias"],"_links":{"self":[{"href":"https:\/\/www.sincomam.org.br\/index.php\/wp-json\/wp\/v2\/posts\/18480","targetHints":{"allow":["GET"]}}],"collection":[{"href":"https:\/\/www.sincomam.org.br\/index.php\/wp-json\/wp\/v2\/posts"}],"about":[{"href":"https:\/\/www.sincomam.org.br\/index.php\/wp-json\/wp\/v2\/types\/post"}],"author":[{"embeddable":true,"href":"https:\/\/www.sincomam.org.br\/index.php\/wp-json\/wp\/v2\/users\/1182"}],"replies":[{"embeddable":true,"href":"https:\/\/www.sincomam.org.br\/index.php\/wp-json\/wp\/v2\/comments?post=18480"}],"version-history":[{"count":1,"href":"https:\/\/www.sincomam.org.br\/index.php\/wp-json\/wp\/v2\/posts\/18480\/revisions"}],"predecessor-version":[{"id":18481,"href":"https:\/\/www.sincomam.org.br\/index.php\/wp-json\/wp\/v2\/posts\/18480\/revisions\/18481"}],"wp:featuredmedia":[{"embeddable":true,"href":"https:\/\/www.sincomam.org.br\/index.php\/wp-json\/wp\/v2\/media\/18022"}],"wp:attachment":[{"href":"https:\/\/www.sincomam.org.br\/index.php\/wp-json\/wp\/v2\/media?parent=18480"}],"wp:term":[{"taxonomy":"category","embeddable":true,"href":"https:\/\/www.sincomam.org.br\/index.php\/wp-json\/wp\/v2\/categories?post=18480"},{"taxonomy":"post_tag","embeddable":true,"href":"https:\/\/www.sincomam.org.br\/index.php\/wp-json\/wp\/v2\/tags?post=18480"}],"curies":[{"name":"wp","href":"https:\/\/api.w.org\/{rel}","templated":true}]}}