{"id":18478,"date":"2016-02-29T08:54:47","date_gmt":"2016-02-29T11:54:47","guid":{"rendered":"http:\/\/www.sincomam.org.br\/?p=18478"},"modified":"2016-02-29T08:54:47","modified_gmt":"2016-02-29T11:54:47","slug":"expectativa-das-industrias-sobre-economia-atinge-menor-nivel-da-serie","status":"publish","type":"post","link":"https:\/\/www.sincomam.org.br\/index.php\/expectativa-das-industrias-sobre-economia-atinge-menor-nivel-da-serie\/","title":{"rendered":"Expectativa das ind\u00fastrias sobre economia atinge menor n\u00edvel da s\u00e9rie"},"content":{"rendered":"<p>A confian\u00e7a da ind\u00fastria recuou em fevereiro, ao passar de 76,2 para 74,7 pontos, e atingiu o menor n\u00edvel desde setembro de 2015, segundo informou nesta segunda-feira (29).<\/p>\n<p><span><span>A queda da confian\u00e7a foi generalizada e ocorreu em 10 dos 19 principais segmentos da ind\u00fastria. O recuo foi fortemente influenciado pela queda de 2,8 pontos do \u00cdndice de Expectativas, para 72,6 pontos, o menor da s\u00e9rie hist\u00f3rica. Isso porque os donos de ind\u00fastrias est\u00e3o com inten\u00e7\u00e3o menor de contratar mais funcion\u00e1rios pelos pr\u00f3ximos tr\u00eas meses, segundo indicou a pesquisa.<br \/><\/span><\/span><\/p>\n<p>O \u00cdndice da Situa\u00e7\u00e3o Atual (ISA) caiu 0,5 ponto, para 77,1 pontos, devido \u00e0 piora em rela\u00e7\u00e3o \u00e0 satisfa\u00e7\u00e3o com o n\u00edvel de demanda atual.<\/p>\n<p>\u201cO resultado de fevereiro refor\u00e7a a suspeita de que a alta da confian\u00e7a industrial nos \u00faltimos meses poderia n\u00e3o se sustentar ao longo do primeiro semestre. A queda do ICI devolve mais da metade da alta acumulada entre o m\u00ednimo hist\u00f3rico, ocorrido em agosto, e o m\u00eas passado. Al\u00e9m de sinaliza\u00e7\u00f5es de que a demanda interna continua enfraquecendo, a pesquisa mostra uma piora expressiva das expectativas em rela\u00e7\u00e3o aos pr\u00f3ximos meses\u201d, afirma Aloisio Campelo Jr., Superintendente Adjunto para Ciclos Econ\u00f4micos da FGV\/IBRE, por meio de nota.<\/p>\n<p>O N\u00edvel de Utiliza\u00e7\u00e3o da Capacidade Instalada (NUCI) recuou 0,5 ponto percentual em fevereiro, atingindo 73,6%, o menor n\u00edvel da s\u00e9rie hist\u00f3rica iniciada em 2001.<\/p>\n<p><strong>Servi\u00e7os<\/strong><br \/>Nesta segunda-feira (29) a FGV tamb\u00e9m divulgou o \u00cdndice de Confian\u00e7a de Servi\u00e7os (ICS), que caiu 0,7 ponto entre janeiro e fevereiro, ao passar de 69,5 para 68,8 pontos.<\/p>\n<p>\u201cOs sinais de uma relativa melhora na percep\u00e7\u00e3o das empresas registrados no in\u00edcio do ano\u00a0 n\u00e3o se confirmaram em fevereiro. O ambiente econ\u00f4mico permanece marcado por uma demanda em queda, encolhimento do mercado de trabalho e piora nas condi\u00e7\u00f5es de cr\u00e9dito. Nesse contexto, as avalia\u00e7\u00f5es voltam a se deteriorar e o indicador de \u00edmpeto de contrata\u00e7\u00f5es para os pr\u00f3ximos meses prossegue em queda\u201d, avalia Silvio Sales, consultor da FGV\/IBRE, em nota.<\/p>\n<p>Fonte: G1<\/p>\n","protected":false},"excerpt":{"rendered":"<p>A confian\u00e7a da ind\u00fastria recuou em fevereiro, ao passar de 76,2 para 74,7 pontos, e atingiu o menor n\u00edvel desde setembro de 2015, segundo informou&#8230;<\/p>\n","protected":false},"author":1182,"featured_media":17850,"comment_status":"closed","ping_status":"closed","sticky":false,"template":"","format":"standard","meta":{"footnotes":""},"categories":[6],"tags":[],"class_list":["post-18478","post","type-post","status-publish","format-standard","has-post-thumbnail","hentry","category-noticias"],"_links":{"self":[{"href":"https:\/\/www.sincomam.org.br\/index.php\/wp-json\/wp\/v2\/posts\/18478","targetHints":{"allow":["GET"]}}],"collection":[{"href":"https:\/\/www.sincomam.org.br\/index.php\/wp-json\/wp\/v2\/posts"}],"about":[{"href":"https:\/\/www.sincomam.org.br\/index.php\/wp-json\/wp\/v2\/types\/post"}],"author":[{"embeddable":true,"href":"https:\/\/www.sincomam.org.br\/index.php\/wp-json\/wp\/v2\/users\/1182"}],"replies":[{"embeddable":true,"href":"https:\/\/www.sincomam.org.br\/index.php\/wp-json\/wp\/v2\/comments?post=18478"}],"version-history":[{"count":1,"href":"https:\/\/www.sincomam.org.br\/index.php\/wp-json\/wp\/v2\/posts\/18478\/revisions"}],"predecessor-version":[{"id":18479,"href":"https:\/\/www.sincomam.org.br\/index.php\/wp-json\/wp\/v2\/posts\/18478\/revisions\/18479"}],"wp:featuredmedia":[{"embeddable":true,"href":"https:\/\/www.sincomam.org.br\/index.php\/wp-json\/wp\/v2\/media\/17850"}],"wp:attachment":[{"href":"https:\/\/www.sincomam.org.br\/index.php\/wp-json\/wp\/v2\/media?parent=18478"}],"wp:term":[{"taxonomy":"category","embeddable":true,"href":"https:\/\/www.sincomam.org.br\/index.php\/wp-json\/wp\/v2\/categories?post=18478"},{"taxonomy":"post_tag","embeddable":true,"href":"https:\/\/www.sincomam.org.br\/index.php\/wp-json\/wp\/v2\/tags?post=18478"}],"curies":[{"name":"wp","href":"https:\/\/api.w.org\/{rel}","templated":true}]}}