{"id":18469,"date":"2016-02-26T08:10:20","date_gmt":"2016-02-26T11:10:20","guid":{"rendered":"http:\/\/www.sincomam.org.br\/?p=18469"},"modified":"2016-02-26T08:23:19","modified_gmt":"2016-02-26T11:23:19","slug":"hospital-de-cancer-no-rio-tem-calor-sujeira-e-falta-de-remedios-e-salarios","status":"publish","type":"post","link":"https:\/\/www.sincomam.org.br\/index.php\/hospital-de-cancer-no-rio-tem-calor-sujeira-e-falta-de-remedios-e-salarios\/","title":{"rendered":"Hospital de c\u00e2ncer no Rio tem calor, sujeira e falta de rem\u00e9dios e sal\u00e1rios"},"content":{"rendered":"<p><span>Pacientes com c\u00e2ncer do Hospital M\u00e1rio Kr\u00f6eff, na Penha, Zona Norte do Rio, t\u00eam sofrido com a falta de medicamentos necess\u00e1rios ao tratamento e quimioterapia. Al\u00e9m disso, a unidade enfrenta falta de limpeza e greve de funcion\u00e1rios, que afirmam n\u00e3o receberam sal\u00e1rio desde dezembro.A<\/span><span><span>penas o segundo andar da interna\u00e7\u00e3o e a quimioterapia seguem funcionando \u2013 ainda assim com problemas.<\/p>\n<p>Todos os pacientes est\u00e3o internados no segundo andar, onde n\u00e3o h\u00e1 distin\u00e7\u00e3o entre aqueles que est\u00e3o em processo pr\u00e9 ou p\u00f3s-operat\u00f3rio, ou que estejam em tratamento contra alguma infec\u00e7\u00e3o.\u00a0Em pleno ver\u00e3o carioca, o calor no corredor e nos quartos \u00e9 sufocante. S\u00f3 alguns ventiladores ligados amenizam a sensa\u00e7\u00e3o cont\u00ednua de inc\u00f4modo.<br \/><\/span><\/span><\/p>\n<p>A copeira Telma Cristina Santos da Rocha, de 73 anos, j\u00e1 tratou na unidade um c\u00e2ncer no seio. Ela voltou ao M\u00e1rio Kr\u00f6eff porque quebrou o f\u00eamur. Internada dia 16 de janeiro, desde ent\u00e3o a paciente espera por uma simples avalia\u00e7\u00e3o para receber tratamento, segundo ela.<\/p>\n<p>Telma passa os dias deitada, com um travesseiro entre as pernas. Ela tem dificuldade para mudar de posi\u00e7\u00e3o e n\u00e3o consegue ficar em p\u00e9. Para ela, o sofrimento maior \u00e9 enfrentar as dores.<\/p>\n<p>&#8220;As enfermeiras me d\u00e3o inje\u00e7\u00f5es para melhorar a dor, mas eu ainda sinto muita dor. E n\u00e3o saio da mesma posi\u00e7\u00e3o. N\u00e3o d\u00e1 para viver assim&#8221;, afirma. A idosa chora e reclama bastante cada vez que tem que se mexer.<\/p>\n<p>A irm\u00e3 de Telma, T\u00e2nia Regina Santos de Souza, \u00e9 quem a acompanha na maior parte do tempo. Ela conta que a fam\u00edlia j\u00e1 perdeu a oportunidade de transferir Telma para o Hospital Salgado Filho porque o M\u00e1rio Kr\u00f6eff teria alegado n\u00e3o ter um m\u00e9dico dispon\u00edvel para acompanhar a idosa durante o trajeto, nem ambul\u00e2ncia dispon\u00edvel. Da janela do quarto, por\u00e9m, \u00e9 poss\u00edvel ver tr\u00eas ambul\u00e2ncias nos fundos da unidade.<\/p>\n<p>&#8220;Eles aqui n\u00e3o t\u00eam recurso e tamb\u00e9m n\u00e3o resolvem o problema dela para mandar para outro hospital. Ela fica a noite toda sentindo dor por causa do f\u00eamur. Ela est\u00e1 com o corpo todo roxo de tanta inje\u00e7\u00e3o que recebe, mas n\u00e3o resolvem o problema&#8221;, afirmou Telma, enquanto banhava a irm\u00e3.<\/p>\n<p>A situa\u00e7\u00e3o tamb\u00e9m \u00e9 dram\u00e1tica para Ros\u00e2ngela Fernandes dos Santos, que est\u00e1 no hospital h\u00e1 duas semanas acompanhando a sogra do filho. Maria de F\u00e1tima Ros\u00e1rio sofre de um c\u00e2ncer de mama em est\u00e1gio avan\u00e7ado. A idosa precisa ser operada para a retirada dos dois seios, mas ainda n\u00e3o teria passado pela cirurgia por falta de equipe m\u00e9dica, ambul\u00e2ncia e vaga para fazer o procedimento.<\/p>\n<p>Com dificuldade de respirar, Maria de F\u00e1tima est\u00e1 com dois grandes buracos inflamados no seio e um outro na axila, ambos do lado esquerdo. Ela n\u00e3o consegue ir ao banheiro sozinha e usa fraldas. Apesar da dor e da dificuldade, a todo momento fala que quer lutar pela vida.<\/p>\n<p>Ros\u00e2ngela conta que foi abordada por uma m\u00e9dica que pretendia dar alta a Maria. Segundo ela, outros pacientes, visivelmente enfermos, j\u00e1 foram liberados de outros setores do hospital.<\/p>\n<p>&#8220;Os funcion\u00e1rios que ainda est\u00e3o aqui nos tratam muito bem, apesar do lugar n\u00e3o ter condi\u00e7\u00f5es. Acho que eles t\u00eam pena. Eu n\u00e3o durmo \u00e0 noite porque n\u00e3o d\u00e3o uma posi\u00e7\u00e3o sobre poss\u00edvel transfer\u00eancia para um lugar onde ela possa fazer a cirurgia&#8221;, afirmou Ros\u00e2ngela.<\/p>\n<p>Um familiar de outra paciente internada em decorr\u00eancia de uma infec\u00e7\u00e3o, que optou por n\u00e3o se identificar, conta que prefere que ela seja liberada do que permanecer no M\u00e1rio Kr\u00f6eff. O acompanhante acredita que a situa\u00e7\u00e3o pode se agravar devido \u00e0 situa\u00e7\u00e3o da unidade.<\/p>\n<p>Ainda assim, os pacientes s\u00e3o un\u00e2nimes em agradecer \u00e0 equipe de enfermeiros e t\u00e9cnicos de enfermagem que ainda permanecem trabalhando. Eles ressaltam o profissionalismo\u00a0 dos funcion\u00e1rios.<\/p>\n<p>Fonte: G1<\/p>\n","protected":false},"excerpt":{"rendered":"<p>Pacientes com c\u00e2ncer do Hospital M\u00e1rio Kr\u00f6eff, na Penha, Zona Norte do Rio, t\u00eam sofrido com a falta de medicamentos necess\u00e1rios ao tratamento e quimioterapia&#8230;.<\/p>\n","protected":false},"author":1182,"featured_media":18470,"comment_status":"closed","ping_status":"closed","sticky":false,"template":"","format":"standard","meta":{"footnotes":""},"categories":[6],"tags":[],"class_list":["post-18469","post","type-post","status-publish","format-standard","has-post-thumbnail","hentry","category-noticias"],"_links":{"self":[{"href":"https:\/\/www.sincomam.org.br\/index.php\/wp-json\/wp\/v2\/posts\/18469","targetHints":{"allow":["GET"]}}],"collection":[{"href":"https:\/\/www.sincomam.org.br\/index.php\/wp-json\/wp\/v2\/posts"}],"about":[{"href":"https:\/\/www.sincomam.org.br\/index.php\/wp-json\/wp\/v2\/types\/post"}],"author":[{"embeddable":true,"href":"https:\/\/www.sincomam.org.br\/index.php\/wp-json\/wp\/v2\/users\/1182"}],"replies":[{"embeddable":true,"href":"https:\/\/www.sincomam.org.br\/index.php\/wp-json\/wp\/v2\/comments?post=18469"}],"version-history":[{"count":1,"href":"https:\/\/www.sincomam.org.br\/index.php\/wp-json\/wp\/v2\/posts\/18469\/revisions"}],"predecessor-version":[{"id":18471,"href":"https:\/\/www.sincomam.org.br\/index.php\/wp-json\/wp\/v2\/posts\/18469\/revisions\/18471"}],"wp:featuredmedia":[{"embeddable":true,"href":"https:\/\/www.sincomam.org.br\/index.php\/wp-json\/wp\/v2\/media\/18470"}],"wp:attachment":[{"href":"https:\/\/www.sincomam.org.br\/index.php\/wp-json\/wp\/v2\/media?parent=18469"}],"wp:term":[{"taxonomy":"category","embeddable":true,"href":"https:\/\/www.sincomam.org.br\/index.php\/wp-json\/wp\/v2\/categories?post=18469"},{"taxonomy":"post_tag","embeddable":true,"href":"https:\/\/www.sincomam.org.br\/index.php\/wp-json\/wp\/v2\/tags?post=18469"}],"curies":[{"name":"wp","href":"https:\/\/api.w.org\/{rel}","templated":true}]}}