{"id":18464,"date":"2016-02-29T00:00:12","date_gmt":"2016-02-29T03:00:12","guid":{"rendered":"http:\/\/www.sincomam.org.br\/?p=18464"},"modified":"2016-02-29T10:07:32","modified_gmt":"2016-02-29T13:07:32","slug":"petrobras-faz-nova-proposta-por-aluguel-de-sondas-da-sete-brasil","status":"publish","type":"post","link":"https:\/\/www.sincomam.org.br\/index.php\/petrobras-faz-nova-proposta-por-aluguel-de-sondas-da-sete-brasil\/","title":{"rendered":"Petrobras faz nova proposta por aluguel de sondas da Sete Brasil"},"content":{"rendered":"<p>A Petrobras voltou \u00e0 mesa de negocia\u00e7\u00e3o e apresentou uma proposta para os s\u00f3cios da Sete Brasil, empresa de sondas criada para construir e alugar os equipamentos de explora\u00e7\u00e3o no pr\u00e9-sal. O Jornal\u00a0Folha de S\u00e3o Paulo apurou que a estatal prop\u00f5e alugar dez sondas por cinco anos, renov\u00e1veis por mais cinco. Originalmente, a Sete alugaria 28 sondas por um prazo m\u00e1ximo de 15 anos.<\/p>\n<p>Mas, com a recess\u00e3o e a crise em que as duas empresas mergulharam, especialmente ap\u00f3s o envolvimento delas na Lava Jato, foram obrigadas a rever seus planos. Outro fator decisivo foi a queda do petr\u00f3leo, de US$ 100, quando a Sete Brasil foi idealizada, para cerca de US$ 30, agora. Tamb\u00e9m pesou a desvaloriza\u00e7\u00e3o do real.<\/p>\n<p>Por esses motivos, a Petrobras n\u00e3o queria mais alugar as sondas. No mercado internacional, o aluguel de uma sonda sairia por US$ 300 mil. As da Sete custariam US$ 424 mil por dia \u00e0 estatal.<\/p>\n<p>A Folha apurou que os s\u00f3cios da Sete come\u00e7aram a avaliar os cen\u00e1rios depois de receber a nova proposta. As discuss\u00f5es devem come\u00e7ar nesta semana. O pre\u00e7o do aluguel di\u00e1rio das sondas ser\u00e1 o tema principal. A Petrobras s\u00f3 aceita negociar a um pre\u00e7o menor que o inicialmente previsto.<\/p>\n<p>A estatal nem sentou \u00e0 mesa e j\u00e1 imp\u00f4s condi\u00e7\u00f5es: quer que o banco Rotschild \u2013que j\u00e1 atende a estatal\u2013 seja o respons\u00e1vel pela condu\u00e7\u00e3o desse processo por ambas as partes.<\/p>\n<p>A Sete j\u00e1 havia contratado o escrit\u00f3rio Alvarez &amp; Marsal para cuidar de seu caso. A Petrobras \u00e9 s\u00f3cia minorit\u00e1ria da Sete, que j\u00e1 havia contratado um escrit\u00f3rio especializado em reestrutura\u00e7\u00e3o para cuidar de seu caso.<\/p>\n<p>ANTECEDENTES<\/p>\n<p>A proposta da Petrobras foi apresentada na sexta (19). Na quinta (18), a estatal disse que enviaria sua oferta e pediu aos s\u00f3cios que cancelassem a reuni\u00e3o em que voltariam \u00e0 discuss\u00e3o de poss\u00edvel pedido de recupera\u00e7\u00e3o judicial.<\/p>\n<p>Al\u00e9m de entrar em recupera\u00e7\u00e3o judicial, a Sete moveria um processo por perdas e danos contra a estatal. Os s\u00f3cios consideram que a empresa foi um projeto de governo para tirar do balan\u00e7o da Petrobras o custo de constru\u00e7\u00e3o e manuten\u00e7\u00e3o de sondas.<\/p>\n<p>Quando foi criada, a Sete tinha a promessa do BNDES de emprestar US$ 9 bilh\u00f5es, dinheiro que nunca saiu.<\/p>\n<p>A empresa foi ent\u00e3o obrigada a tomar recursos na pra\u00e7a com bancos privados e p\u00fablicos e mergulhou em uma d\u00edvida que j\u00e1 chega a R$ 14 bilh\u00f5es. Os empr\u00e9stimos venceram, a empresa n\u00e3o tem como pagar, e os credores (alguns s\u00e3o s\u00f3cios) foram empurrando esse cr\u00e9dito na esperan\u00e7a de que a Petrobras voltasse \u00e0s negocia\u00e7\u00f5es \u2013algo que nem os s\u00f3cios acreditavam mais.<\/p>\n<p>Para eles, a estatal estava blefando com promessas vazias at\u00e9 que a Sete fosse \u00e0 fal\u00eancia na esperan\u00e7a de que, assim, n\u00e3o pudesse ser processada.<\/p>\n<p>H\u00e1 meses os s\u00f3cios da Sete vinham tentando votar em assembleias o pedido de recupera\u00e7\u00e3o judicial. A Petros, fundo de pens\u00e3o dos funcion\u00e1rios da Petrobras, acabou paralisando o processo.<\/p>\n<p>Pressionados pelos credores, a Sete acabou suspendendo a discuss\u00e3o temporariamente e aprovou que os bancos recebessem, pelo menos, 30% das garantias.<\/p>\n<p>Como a Folha antecipou, na semana passada, eles sacaram R$ 4,2 bilh\u00f5es do FGCN (Fundo Garantidor da Constru\u00e7\u00e3o Naval), fundo privado sem fins lucrativos criado para garantir opera\u00e7\u00f5es no setor.<\/p>\n<p>Fonte: Folha de S\u00e3o Paulo<\/p>\n","protected":false},"excerpt":{"rendered":"<p>A Petrobras voltou \u00e0 mesa de negocia\u00e7\u00e3o e apresentou uma proposta para os s\u00f3cios da Sete Brasil, empresa de sondas criada para construir e alugar&#8230;<\/p>\n","protected":false},"author":1182,"featured_media":17800,"comment_status":"closed","ping_status":"closed","sticky":false,"template":"","format":"standard","meta":{"footnotes":""},"categories":[6],"tags":[],"class_list":["post-18464","post","type-post","status-publish","format-standard","has-post-thumbnail","hentry","category-noticias"],"_links":{"self":[{"href":"https:\/\/www.sincomam.org.br\/index.php\/wp-json\/wp\/v2\/posts\/18464","targetHints":{"allow":["GET"]}}],"collection":[{"href":"https:\/\/www.sincomam.org.br\/index.php\/wp-json\/wp\/v2\/posts"}],"about":[{"href":"https:\/\/www.sincomam.org.br\/index.php\/wp-json\/wp\/v2\/types\/post"}],"author":[{"embeddable":true,"href":"https:\/\/www.sincomam.org.br\/index.php\/wp-json\/wp\/v2\/users\/1182"}],"replies":[{"embeddable":true,"href":"https:\/\/www.sincomam.org.br\/index.php\/wp-json\/wp\/v2\/comments?post=18464"}],"version-history":[{"count":1,"href":"https:\/\/www.sincomam.org.br\/index.php\/wp-json\/wp\/v2\/posts\/18464\/revisions"}],"predecessor-version":[{"id":18465,"href":"https:\/\/www.sincomam.org.br\/index.php\/wp-json\/wp\/v2\/posts\/18464\/revisions\/18465"}],"wp:featuredmedia":[{"embeddable":true,"href":"https:\/\/www.sincomam.org.br\/index.php\/wp-json\/wp\/v2\/media\/17800"}],"wp:attachment":[{"href":"https:\/\/www.sincomam.org.br\/index.php\/wp-json\/wp\/v2\/media?parent=18464"}],"wp:term":[{"taxonomy":"category","embeddable":true,"href":"https:\/\/www.sincomam.org.br\/index.php\/wp-json\/wp\/v2\/categories?post=18464"},{"taxonomy":"post_tag","embeddable":true,"href":"https:\/\/www.sincomam.org.br\/index.php\/wp-json\/wp\/v2\/tags?post=18464"}],"curies":[{"name":"wp","href":"https:\/\/api.w.org\/{rel}","templated":true}]}}