{"id":18454,"date":"2016-02-26T00:00:28","date_gmt":"2016-02-26T03:00:28","guid":{"rendered":"http:\/\/www.sincomam.org.br\/?p=18454"},"modified":"2016-02-26T08:28:12","modified_gmt":"2016-02-26T11:28:12","slug":"desemprego-no-brasil-salta-a-76-em-janeiro-mostra-ibge","status":"publish","type":"post","link":"https:\/\/www.sincomam.org.br\/index.php\/desemprego-no-brasil-salta-a-76-em-janeiro-mostra-ibge\/","title":{"rendered":"Desemprego no Brasil salta a 7,6% em janeiro, mostra IBGE"},"content":{"rendered":"<p>O Brasil iniciou 2016 com mais demiss\u00f5es e a maior taxa de desemprego\u00a0para janeiro em sete anos nas seis principais regi\u00f5es metropolitanas, al\u00e9m de recuo na renda m\u00e9dia do trabalhador, destacando os reflexos da forte recess\u00e3o econ\u00f4mica que atinge o pa\u00eds.<\/p>\n<p>A Pesquisa Mensal de Emprego (PME) do Instituto Brasileiro de Geografia e Estat\u00edstica (IBGE) divulgada nesta quinta-feira mostrou que a taxa de desemprego atingiu 7,6 por cento em janeiro, ap\u00f3s registrar 6,9 por cento em dezembro em Recife, Salvador, Belo Horizonte, Rio de Janeiro, S\u00e3o Paulo e Porto Alegre.<\/p>\n<p>Passado o efeito favor\u00e1vel da sazonalidade de fim de ano, a taxa foi a mais alta para janeiro desde 2009, quando foi de 8,2 por cento. Expectativa em pesquisa da Reuters era de que a taxa ficaria em 7,95 por cento por cento no m\u00eas na mediana das previs\u00f5es.<\/p>\n<p>O IBGE informou ainda que a renda caiu 1,3 por cento em janeiro na compara\u00e7\u00e3o com dezembro, chegando a 2.242,90 reais. Sobre o mesmo m\u00eas de 2015, despencou 7,4 por cento, em meio ao cen\u00e1rio de infla\u00e7\u00e3o e juros elevados.<\/p>\n<p>No m\u00eas passado, a popula\u00e7\u00e3o ocupada recuou 1,0 por cento na compara\u00e7\u00e3o mensal, e sobre janeiro de 2015 teve recuo 2,7 por cento, o que reflete as dispensas de trabalhadores no in\u00edcio do ano.<\/p>\n<p>A popula\u00e7\u00e3o desocupada, que s\u00e3o as pessoas \u00e0 procura de uma posi\u00e7\u00e3o, avan\u00e7ou 8,4 por cento em janeiro contra o m\u00eas anterior e teve forte alta de 42,7 por cento sobre um ano antes, chegando 1,879 milh\u00e3o de pessoas.<\/p>\n<p>&#8220;O desemprego cresce em raz\u00e3o da popula\u00e7\u00e3o ocupada menor e mais pessoas foram procurar trabalho. As demiss\u00f5es n\u00e3o parecem ser um fen\u00f4meno tempor\u00e1rio&#8221;, disse a t\u00e9cnica da pesquisa no IBGE, Adriana Beringuy.<\/p>\n<p>A fraqueza do mercado de trabalho tamb\u00e9m fica clara nos dados da Pesquisa Nacional por Amostra de Domic\u00edlios Cont\u00ednua, cuja taxa de desemprego permaneceu em 9 por cento no trimestre encerrado em novembro, maior patamar da s\u00e9rie iniciada em 2012.<\/p>\n<p>Analistas n\u00e3o veem melhora do mercado de trabalho deste ano, diante do quadro de recess\u00e3o prolongada. A expectativa na pesquisa Focus do Banco Central, que ouve semanalmente uma centena de economistas, \u00e9 de contra\u00e7\u00e3o econ\u00f4mica de 3,40 por cento em 2016, com infla\u00e7\u00e3o de 7,62 por cento, acima do teto da meta do governo.<\/p>\n<p>Fonte: Exame<\/p>\n","protected":false},"excerpt":{"rendered":"<p>O Brasil iniciou 2016 com mais demiss\u00f5es e a maior taxa de desemprego\u00a0para janeiro em sete anos nas seis principais regi\u00f5es metropolitanas, al\u00e9m de recuo&#8230;<\/p>\n","protected":false},"author":1182,"featured_media":17971,"comment_status":"closed","ping_status":"closed","sticky":false,"template":"","format":"standard","meta":{"footnotes":""},"categories":[6],"tags":[],"class_list":["post-18454","post","type-post","status-publish","format-standard","has-post-thumbnail","hentry","category-noticias"],"_links":{"self":[{"href":"https:\/\/www.sincomam.org.br\/index.php\/wp-json\/wp\/v2\/posts\/18454","targetHints":{"allow":["GET"]}}],"collection":[{"href":"https:\/\/www.sincomam.org.br\/index.php\/wp-json\/wp\/v2\/posts"}],"about":[{"href":"https:\/\/www.sincomam.org.br\/index.php\/wp-json\/wp\/v2\/types\/post"}],"author":[{"embeddable":true,"href":"https:\/\/www.sincomam.org.br\/index.php\/wp-json\/wp\/v2\/users\/1182"}],"replies":[{"embeddable":true,"href":"https:\/\/www.sincomam.org.br\/index.php\/wp-json\/wp\/v2\/comments?post=18454"}],"version-history":[{"count":1,"href":"https:\/\/www.sincomam.org.br\/index.php\/wp-json\/wp\/v2\/posts\/18454\/revisions"}],"predecessor-version":[{"id":18455,"href":"https:\/\/www.sincomam.org.br\/index.php\/wp-json\/wp\/v2\/posts\/18454\/revisions\/18455"}],"wp:featuredmedia":[{"embeddable":true,"href":"https:\/\/www.sincomam.org.br\/index.php\/wp-json\/wp\/v2\/media\/17971"}],"wp:attachment":[{"href":"https:\/\/www.sincomam.org.br\/index.php\/wp-json\/wp\/v2\/media?parent=18454"}],"wp:term":[{"taxonomy":"category","embeddable":true,"href":"https:\/\/www.sincomam.org.br\/index.php\/wp-json\/wp\/v2\/categories?post=18454"},{"taxonomy":"post_tag","embeddable":true,"href":"https:\/\/www.sincomam.org.br\/index.php\/wp-json\/wp\/v2\/tags?post=18454"}],"curies":[{"name":"wp","href":"https:\/\/api.w.org\/{rel}","templated":true}]}}