{"id":18452,"date":"2016-02-26T00:01:57","date_gmt":"2016-02-26T03:01:57","guid":{"rendered":"http:\/\/www.sincomam.org.br\/?p=18452"},"modified":"2016-02-26T08:27:10","modified_gmt":"2016-02-26T11:27:10","slug":"mineradora-vale-anuncia-perda-de-us-121-bilhoes-em-2015","status":"publish","type":"post","link":"https:\/\/www.sincomam.org.br\/index.php\/mineradora-vale-anuncia-perda-de-us-121-bilhoes-em-2015\/","title":{"rendered":"Mineradora Vale anuncia perda de US$ 12,1 bilh\u00f5es em 2015"},"content":{"rendered":"<p>A gigante brasileira Vale\u00a0anunciou perdas l\u00edquidas no valor de 12,129 bilh\u00f5es de d\u00f3lares em 2015, em meio a um panorama sombrio que conjuga a queda dos pre\u00e7os do min\u00e9rio de ferro, a forte deprecia\u00e7\u00e3o do real e o rompimento de uma barragem<b>\u00a0<\/b>no Brasil que vitimou 19 pessoas.<\/p>\n<p>As perdas de 2015 &#8211; contra um lucro de 657 milh\u00f5es de d\u00f3lares em 2014 &#8211; se devem principalmente \u00e0 queda de 47% do real frente ao d\u00f3lar, que impacta sua d\u00edvida, e a ajustes pelo retrocesso de 43% do pre\u00e7o do min\u00e9rio de ferro, seu principal produto de exporta\u00e7\u00e3o, explicou Luciano Siani, diretor de Finan\u00e7as e Rela\u00e7\u00f5es com Investidores da Vale, em um v\u00eddeo a investidores.<\/p>\n<p>&#8220;Houve um ajuste muito forte na ind\u00fastria da minera\u00e7\u00e3o pela queda dos pre\u00e7os, o que obrigou a Vale a reduzir o resultado em 36 bilh\u00f5es de reais&#8221;, e a deprecia\u00e7\u00e3o de 47% da moeda brasileira frente ao d\u00f3lar &#8220;impactou o valor da d\u00edvida em d\u00f3lares da Vale em outros 36 bilh\u00f5es de reais que tamb\u00e9m foram levados ao resultado&#8221;, disse Siani.<\/p>\n<p>O pre\u00e7o internacional da tonelada de min\u00e9rio de ferro passou de 96,7 d\u00f3lares em 2014 a 55,5 d\u00f3lares em 2015 (-43%), e o pre\u00e7o de outros minerais exportados pela Vale tamb\u00e9m caiu: o n\u00edquel retrocedeu 30%, o cobre 20%, o carv\u00e3o metal\u00fargico 18%.<\/p>\n<p>O forte corte de gastos e o aumento da competitividade que a Vale realiza para enfrentar a queda de pre\u00e7os &#8211; que totalizou 5 bilh\u00f5es de d\u00f3lares em 2015 &#8211; e seus recordes de produ\u00e7\u00e3o n\u00e3o fizeram com que a empresa apresentasse aos seus investidores um balan\u00e7o positivo, mas lhe permitiu investir neste ano 8,4 bilh\u00f5es de d\u00f3lares.<\/p>\n<p>No quarto trimestre de 2015 a Vale registrou perdas de 8,569 bilh\u00f5es de d\u00f3lares, contra um preju\u00edzo de 2,117 bilh\u00f5es no terceiro trimestre do ano passado.<\/p>\n<p>Foi justamente neste per\u00edodo, em 5 de novembro passado, que uma barragem da mineradora brasileira Samarco &#8211; que pertence em partes iguais \u00e0 Vale e \u00e0 anglo-australiana BHP Billiton &#8211; que continha toneladas de dejetos mineradores e lama se rompeu, provocando uma enxurrada que soterrou uma cidade inteira de Minas Gerais e matando 19 pessoas.<\/p>\n<p>A trag\u00e9dia \u00e9 considerada a pior cat\u00e1strofe ambiental da hist\u00f3ria do Brasil pelo governo, que negocia com a Samarco e seus donos uma indeniza\u00e7\u00e3o milion\u00e1ria.<\/p>\n<p>A pol\u00edcia pediu nesta semana a pris\u00e3o de seis executivos da Samarco &#8211; incluindo seu presidente no momento da cat\u00e1strofe &#8211; pelo homic\u00eddio de 19 pessoas.<\/p>\n<p>&#8220;Trabalhamos com a Samarco desde o in\u00edcio e continuaremos totalmente comprometidos com o apoio \u00e0s regi\u00f5es e comunidades afetadas, assim como sua recupera\u00e7\u00e3o s\u00f3cio-ambiental&#8221;, disse a Vale em seu comunicado.<\/p>\n<p>Fonte: Exame<\/p>\n","protected":false},"excerpt":{"rendered":"<p>A gigante brasileira Vale\u00a0anunciou perdas l\u00edquidas no valor de 12,129 bilh\u00f5es de d\u00f3lares em 2015, em meio a um panorama sombrio que conjuga a queda&#8230;<\/p>\n","protected":false},"author":1182,"featured_media":18013,"comment_status":"closed","ping_status":"closed","sticky":false,"template":"","format":"standard","meta":{"footnotes":""},"categories":[6],"tags":[],"class_list":["post-18452","post","type-post","status-publish","format-standard","has-post-thumbnail","hentry","category-noticias"],"_links":{"self":[{"href":"https:\/\/www.sincomam.org.br\/index.php\/wp-json\/wp\/v2\/posts\/18452","targetHints":{"allow":["GET"]}}],"collection":[{"href":"https:\/\/www.sincomam.org.br\/index.php\/wp-json\/wp\/v2\/posts"}],"about":[{"href":"https:\/\/www.sincomam.org.br\/index.php\/wp-json\/wp\/v2\/types\/post"}],"author":[{"embeddable":true,"href":"https:\/\/www.sincomam.org.br\/index.php\/wp-json\/wp\/v2\/users\/1182"}],"replies":[{"embeddable":true,"href":"https:\/\/www.sincomam.org.br\/index.php\/wp-json\/wp\/v2\/comments?post=18452"}],"version-history":[{"count":2,"href":"https:\/\/www.sincomam.org.br\/index.php\/wp-json\/wp\/v2\/posts\/18452\/revisions"}],"predecessor-version":[{"id":18474,"href":"https:\/\/www.sincomam.org.br\/index.php\/wp-json\/wp\/v2\/posts\/18452\/revisions\/18474"}],"wp:featuredmedia":[{"embeddable":true,"href":"https:\/\/www.sincomam.org.br\/index.php\/wp-json\/wp\/v2\/media\/18013"}],"wp:attachment":[{"href":"https:\/\/www.sincomam.org.br\/index.php\/wp-json\/wp\/v2\/media?parent=18452"}],"wp:term":[{"taxonomy":"category","embeddable":true,"href":"https:\/\/www.sincomam.org.br\/index.php\/wp-json\/wp\/v2\/categories?post=18452"},{"taxonomy":"post_tag","embeddable":true,"href":"https:\/\/www.sincomam.org.br\/index.php\/wp-json\/wp\/v2\/tags?post=18452"}],"curies":[{"name":"wp","href":"https:\/\/api.w.org\/{rel}","templated":true}]}}