{"id":18450,"date":"2016-02-25T01:00:44","date_gmt":"2016-02-25T04:00:44","guid":{"rendered":"http:\/\/www.sincomam.org.br\/?p=18450"},"modified":"2016-02-24T17:56:57","modified_gmt":"2016-02-24T20:56:57","slug":"participacao-da-petrobras-no-pre-sal-divide-opinioes-no-plenario-do-senado","status":"publish","type":"post","link":"https:\/\/www.sincomam.org.br\/index.php\/participacao-da-petrobras-no-pre-sal-divide-opinioes-no-plenario-do-senado\/","title":{"rendered":"Participa\u00e7\u00e3o da Petrobras no pr\u00e9-sal divide opini\u00f5es no Plen\u00e1rio do Senado"},"content":{"rendered":"<p>Senadores retomaram na sess\u00e3o desta quarta-feira (24) a discuss\u00e3o do projeto de Jos\u00e9 Serra (PSDB-SP) que muda a participa\u00e7\u00e3o da Petrobras no pr\u00e9-sal. Os defensores da proposta (PLS 131\/2015) voltaram a destacar as dificuldades financeiras atuais da empresa, sem condi\u00e7\u00f5es de investir como operadora \u00fanica nos campos de \u00e1guas profundas para explora\u00e7\u00e3o de petr\u00f3leo e g\u00e1s natural. Os opositores ao projeto afirmam que a iniciativa resultar\u00e1 na entrega das riquezas do Brasil ao controle das multinacionais.<\/p>\n<p>\u2014 Vamos entregar o fil\u00e9\u00a0<i>mignon<\/i>\u00a0por uma d\u00edvida que n\u00f3s podemos administrar? \u2014 questionou a senadora Gleisi Hoffman (PT-PR), que defendeu a acelera\u00e7\u00e3o dos investimentos nos campos do pr\u00e9-sal licitados e j\u00e1 concedidos para a gera\u00e7\u00e3o de royalties.<\/p>\n<p>A import\u00e2ncia estrat\u00e9gica da Petrobras para o Brasil tamb\u00e9m foi destacada pelo senador Dario Berger (PMDB-SC), que entendeu a necessidade de proteger a estatal em momento de redu\u00e7\u00e3o no pre\u00e7o do barril do petr\u00f3leo.<\/p>\n<p>Serra voltou a afirmar que seu projeto alivia a Petrobras de uma obriga\u00e7\u00e3o com a qual ela n\u00e3o pode<b><\/b>mais arcar. O texto revoga a obriga\u00e7\u00e3o de a empresa participar com pelo menos 30% na explora\u00e7\u00e3o do pr\u00e9-sal, como prev\u00ea a lei atual. No entanto, mant\u00e9m a prefer\u00eancia da estatal nas opera\u00e7\u00f5es.<\/p>\n<p>\u2014 O problema \u00e9 financeiro. Logo estaremos aqui com a necessidade de nova capitaliza\u00e7\u00e3o da empresa com dinheiro do contribuinte \u2014 afirmou.<\/p>\n<p>O senador Ronaldo Caiado (DEM-GO) atribuiu o \u201csucateamento\u201d da empresa ao PT, o que gerou uma d\u00edvida de R$ 500 bilh\u00f5es. Aloysio Nunes Ferreira (PSDB-SP) disse estar preocupado com a situa\u00e7\u00e3o dos trabalhadores do setor que est\u00e3o desempregados e com a necessidade de receita para estados e munic\u00edpios.<\/p>\n<p>Para discutir a mat\u00e9ria, que tramita em regime de urg\u00eancia, no in\u00edcio da tarde j\u00e1 estavam inscritos mais de trinta senadores. Emendas ainda podem ser apresentadas ao relat\u00f3rio do senador Ricardo Ferra\u00e7o (PMDB-ES). Ap\u00f3s a delibera\u00e7\u00e3o do projeto no Plen\u00e1rio do Senado, o texto segue para a C\u00e2mara dos Deputados.<\/p>\n<p>Fonte: Ag\u00eancia Senado<\/p>\n","protected":false},"excerpt":{"rendered":"<p>Senadores retomaram na sess\u00e3o desta quarta-feira (24) a discuss\u00e3o do projeto de Jos\u00e9 Serra (PSDB-SP) que muda a participa\u00e7\u00e3o da Petrobras no pr\u00e9-sal. Os defensores&#8230;<\/p>\n","protected":false},"author":1182,"featured_media":17800,"comment_status":"closed","ping_status":"closed","sticky":false,"template":"","format":"standard","meta":{"footnotes":""},"categories":[6],"tags":[],"class_list":["post-18450","post","type-post","status-publish","format-standard","has-post-thumbnail","hentry","category-noticias"],"_links":{"self":[{"href":"https:\/\/www.sincomam.org.br\/index.php\/wp-json\/wp\/v2\/posts\/18450","targetHints":{"allow":["GET"]}}],"collection":[{"href":"https:\/\/www.sincomam.org.br\/index.php\/wp-json\/wp\/v2\/posts"}],"about":[{"href":"https:\/\/www.sincomam.org.br\/index.php\/wp-json\/wp\/v2\/types\/post"}],"author":[{"embeddable":true,"href":"https:\/\/www.sincomam.org.br\/index.php\/wp-json\/wp\/v2\/users\/1182"}],"replies":[{"embeddable":true,"href":"https:\/\/www.sincomam.org.br\/index.php\/wp-json\/wp\/v2\/comments?post=18450"}],"version-history":[{"count":1,"href":"https:\/\/www.sincomam.org.br\/index.php\/wp-json\/wp\/v2\/posts\/18450\/revisions"}],"predecessor-version":[{"id":18451,"href":"https:\/\/www.sincomam.org.br\/index.php\/wp-json\/wp\/v2\/posts\/18450\/revisions\/18451"}],"wp:featuredmedia":[{"embeddable":true,"href":"https:\/\/www.sincomam.org.br\/index.php\/wp-json\/wp\/v2\/media\/17800"}],"wp:attachment":[{"href":"https:\/\/www.sincomam.org.br\/index.php\/wp-json\/wp\/v2\/media?parent=18450"}],"wp:term":[{"taxonomy":"category","embeddable":true,"href":"https:\/\/www.sincomam.org.br\/index.php\/wp-json\/wp\/v2\/categories?post=18450"},{"taxonomy":"post_tag","embeddable":true,"href":"https:\/\/www.sincomam.org.br\/index.php\/wp-json\/wp\/v2\/tags?post=18450"}],"curies":[{"name":"wp","href":"https:\/\/api.w.org\/{rel}","templated":true}]}}