{"id":18428,"date":"2016-02-24T00:05:44","date_gmt":"2016-02-24T03:05:44","guid":{"rendered":"http:\/\/www.sincomam.org.br\/?p=18428"},"modified":"2016-02-23T21:00:09","modified_gmt":"2016-02-24T00:00:09","slug":"camara-prepara-votacao-de-novo-teto-salarial","status":"publish","type":"post","link":"https:\/\/www.sincomam.org.br\/index.php\/camara-prepara-votacao-de-novo-teto-salarial\/","title":{"rendered":"C\u00e2mara prepara vota\u00e7\u00e3o de novo teto salarial"},"content":{"rendered":"<p>O presidente da C\u00e2mara, deputado Eduardo Cunha (PMDB-RJ), e os l\u00edderes partid\u00e1rios decidiram votar os projetos de lei que tratam da fixa\u00e7\u00e3o do teto salarial<strong>\u00a0<\/strong>para os Tr\u00eas Poderes (Executivo, Legislativo e Judici\u00e1rio), nos n\u00edveis federal, estaduais e municipais.<\/p>\n<p>Devem ser votados tamb\u00e9m o projeto que trata do combate ao terrorismo e os decretos de redu\u00e7\u00e3o dos vencimentos do presidente e vice-presidente da Rep\u00fablica e dos ministros.<\/p>\n<p>Segundo o l\u00edder do governo, deputado Jos\u00e9 Guimar\u00e3es (PT-CE), os l\u00edderes acertaram iniciar hoje a discuss\u00e3o e a vota\u00e7\u00e3o do projeto que fixa os tetos salariais nos Tr\u00eas Poderes e concluir, at\u00e9 amanh\u00e3 pela manh\u00e3, a vota\u00e7\u00e3o da mat\u00e9ria, para votar, tamb\u00e9m amanh\u00e3, o projeto que trata do terrorismo.<\/p>\n<p>\u201cPara o governo, \u00e9 fundamental estabelecermos de hoje para amanh\u00e3 as regras, as normas para que a partir de agora se tenha um teto nacional de sal\u00e1rio para os Tr\u00eas Poderes. Vamos costurar com as bancadas para votar at\u00e9 amanh\u00e3 ao meio dia\u201d, disse.<\/p>\n<p>Guimar\u00e3es informou que h\u00e1 concord\u00e2ncia entre os l\u00edderes em torno dos textos dos projetos do teto e do terrorismo a serem aprovados, com pequenas ressalvas.<\/p>\n<p>Segundo ele, a fixa\u00e7\u00e3o dos tetos salariais n\u00e3o \u00e9 uma quest\u00e3o que diz respeito ao governo, \u201c\u00e9 uma quest\u00e3o que interessa a todos\u201d.<\/p>\n<p>Em rela\u00e7\u00e3o ao projeto sobre o terrorismo, Guimar\u00e3es informou que ficou acertado rejeitar o substitutivo aprovado pelo Senado e resgatar o texto aprovado pela C\u00e2mara, \u201cque \u00e9 um texto mais ajustado e foi fruto de amplo entendimento com os movimentos sociais e com a C\u00e2mara\u201d.<\/p>\n<p>O l\u00edder governista informou que a vota\u00e7\u00e3o do decreto presidencial que reduz em 10% os sal\u00e1rios do presidente e do vice-presidente da Rep\u00fablica e dos ministros ser\u00e1 na quinta-feira (25).<\/p>\n<p>Fonte: Folha de S\u00e3o Paulo<\/p>\n","protected":false},"excerpt":{"rendered":"<p>O presidente da C\u00e2mara, deputado Eduardo Cunha (PMDB-RJ), e os l\u00edderes partid\u00e1rios decidiram votar os projetos de lei que tratam da fixa\u00e7\u00e3o do teto salarial\u00a0para&#8230;<\/p>\n","protected":false},"author":1182,"featured_media":18331,"comment_status":"closed","ping_status":"closed","sticky":false,"template":"","format":"standard","meta":{"footnotes":""},"categories":[6],"tags":[],"class_list":["post-18428","post","type-post","status-publish","format-standard","has-post-thumbnail","hentry","category-noticias"],"_links":{"self":[{"href":"https:\/\/www.sincomam.org.br\/index.php\/wp-json\/wp\/v2\/posts\/18428","targetHints":{"allow":["GET"]}}],"collection":[{"href":"https:\/\/www.sincomam.org.br\/index.php\/wp-json\/wp\/v2\/posts"}],"about":[{"href":"https:\/\/www.sincomam.org.br\/index.php\/wp-json\/wp\/v2\/types\/post"}],"author":[{"embeddable":true,"href":"https:\/\/www.sincomam.org.br\/index.php\/wp-json\/wp\/v2\/users\/1182"}],"replies":[{"embeddable":true,"href":"https:\/\/www.sincomam.org.br\/index.php\/wp-json\/wp\/v2\/comments?post=18428"}],"version-history":[{"count":1,"href":"https:\/\/www.sincomam.org.br\/index.php\/wp-json\/wp\/v2\/posts\/18428\/revisions"}],"predecessor-version":[{"id":18429,"href":"https:\/\/www.sincomam.org.br\/index.php\/wp-json\/wp\/v2\/posts\/18428\/revisions\/18429"}],"wp:featuredmedia":[{"embeddable":true,"href":"https:\/\/www.sincomam.org.br\/index.php\/wp-json\/wp\/v2\/media\/18331"}],"wp:attachment":[{"href":"https:\/\/www.sincomam.org.br\/index.php\/wp-json\/wp\/v2\/media?parent=18428"}],"wp:term":[{"taxonomy":"category","embeddable":true,"href":"https:\/\/www.sincomam.org.br\/index.php\/wp-json\/wp\/v2\/categories?post=18428"},{"taxonomy":"post_tag","embeddable":true,"href":"https:\/\/www.sincomam.org.br\/index.php\/wp-json\/wp\/v2\/tags?post=18428"}],"curies":[{"name":"wp","href":"https:\/\/api.w.org\/{rel}","templated":true}]}}