{"id":18426,"date":"2016-02-24T00:00:35","date_gmt":"2016-02-24T03:00:35","guid":{"rendered":"http:\/\/www.sincomam.org.br\/?p=18426"},"modified":"2016-02-23T20:58:37","modified_gmt":"2016-02-23T23:58:37","slug":"bolsa-realiza-ganhos-e-cai-165-com-influencia-do-petroleo","status":"publish","type":"post","link":"https:\/\/www.sincomam.org.br\/index.php\/bolsa-realiza-ganhos-e-cai-165-com-influencia-do-petroleo\/","title":{"rendered":"Bolsa realiza ganhos e cai 1,65% com influ\u00eancia do petr\u00f3leo"},"content":{"rendered":"<p>O Ibovespa, principal \u00edndice da BM&amp;FBovespa, realizou parte dos ganhos de ontem e encerrou o preg\u00e3o em territ\u00f3rio negativo no dia 23 de fevereiro. Em linha com o comportamento dos mercados acion\u00e1rios internacionais, o \u00edndice tamb\u00e9m foi influenciado pela queda do pre\u00e7o do petr\u00f3leo no mercado global.<\/p>\n<p>O petr\u00f3leo Brent para abril negociado na ICE fechou em queda de 4,39%, para US$ 33,27 por barril, praticamente devolvendo a alta de 5,09% de ontem. Mesmo caso do contrato negociado na Nymex, com mesmo vencimento, que recuou 4,55% hoje ante valoriza\u00e7\u00e3o de 5,16% ontem.<\/p>\n<p>A decis\u00e3o oficial da Ar\u00e1bia Saudita em n\u00e3o reduzir a produ\u00e7\u00e3o da commodity pesou sobre as cota\u00e7\u00f5es. &#8220;Petr\u00f3leo foi o driver para a piora das bolsas no exterior e o Ibovespa acompanhou o movimento&#8221;, explicou o gerente de tesouraria da Guide Investimentos, Rodrigo Hernandes Ruiz.<\/p>\n<p>As not\u00edcias refletiram diretamente nas a\u00e7\u00f5es da Petrobras. Os pap\u00e9is ON da estatal tiveram perdas de 4,45% e os PN recuaram 2,38%.<\/p>\n<p>O principal \u00edndice da BM&amp;FBovespa teve uma manh\u00e3 vol\u00e1til: abriu os neg\u00f3cios de hoje em alta, dando sinais de que acompanharia o desempenho de ontem.<\/p>\n<p>Mas um pouco antes do in\u00edcio da tarde, com a abertura das bolsas internacionais, o sinal positivo inverteu e o \u00edndice se firmou em territ\u00f3rio negativo, batendo novas m\u00ednimas. A queda registrada hoje foi de 1,65%, aos 42.520,94 pontos.<\/p>\n<p>Na m\u00ednima marcou 42.359 pontos (-2,03%) e, na m\u00e1xima, 43.601 pontos (+0,85%). No m\u00eas, acumula ganho de 5,24% e, no ano, queda de 1,91%. O giro financeiro totalizou R$ 5,222 bilh\u00f5es, segundo dados preliminares.<\/p>\n<p>&#8220;A desvaloriza\u00e7\u00e3o de hoje foi at\u00e9 pequena pelo ganho de mais de 4% de ontem&#8221;, ressaltou o operador da mesa financeira da H.Commcor, Cleber Alessie. Segundo ele, mesmo sem novidades relevantes sobre a nova fase da Opera\u00e7\u00e3o Lava Jato, os grandes investidores ainda est\u00e3o com o assunto no radar e nutrem &#8220;esperan\u00e7a&#8221; de uma mudan\u00e7a no comando do governo atual. &#8220;Eles seguem otimistas com a sa\u00edda da presidente da Rep\u00fablica, Dilma Rousseff (PT)&#8221;, completou.<\/p>\n<p>Ainda sobre not\u00edcias dom\u00e9sticas, o IPCA-15 de fevereiro, de 1,42% (acima das proje\u00e7\u00f5es de mercado) ante 0,92% em janeiro, o maior patamar para o m\u00eas desde 2003, tamb\u00e9m influenciou as perdas do Ibovespa.<\/p>\n<p>&#8220;N\u00e3o era novidade que ver\u00edamos uma taxa de infla\u00e7\u00e3o alta, mas ela veio bem ruim ante a expectativa do mercado&#8221;, disse Ruiz, da Guide.<\/p>\n<p>Tamb\u00e9m entre os destaques de queda, Vale ON (-5,78%) e PNA (-4,26%) ap\u00f3s mais not\u00edcias negativas envolvendo a Samarco &#8211; joint venture com a BHP Billiton &#8211; pesarem sobre as a\u00e7\u00f5es da mineradora.<\/p>\n<p>A Pol\u00edcia Civil de Minas Gerais pediu a pris\u00e3o preventiva do ex-presidente da Samarco Ricardo Vescovi, do ex-diretor de opera\u00e7\u00f5es da empresa Kl\u00e9ber Terra e de cinco gerentes da mineradora e da VogBr, que prestava servi\u00e7o para a companhia, pela queda da barragem da mineradora em Mariana.<\/p>\n<p>Todos foram indiciados por homic\u00eddio qualificado com dolo eventual das 19 pessoas que morreram na trag\u00e9dia &#8211; 17 corpos foram localizados e 2 continuam desaparecidos.<\/p>\n<p>Al\u00e9m disso, funcion\u00e1rios da Vale em Minas Gerais fizeram hoje paralisa\u00e7\u00e3o pelo pagamento da PLR relativa a 2015. Normalmente, o pagamento do benef\u00edcio \u00e9 feito at\u00e9 1\u00ba de mar\u00e7o.<\/p>\n<p>Cerca de 5 mil empregados participaram da paralisa\u00e7\u00e3o, conforme o Sindicato Metabase de Belo Horizonte e regi\u00e3o. A libera\u00e7\u00e3o ocorreu somente \u00e0s 14 horas de hoje e a Vale respondeu que o pagamento da PLR n\u00e3o \u00e9 devido.<\/p>\n<p>Fonte: Exame<\/p>\n","protected":false},"excerpt":{"rendered":"<p>O Ibovespa, principal \u00edndice da BM&amp;FBovespa, realizou parte dos ganhos de ontem e encerrou o preg\u00e3o em territ\u00f3rio negativo no dia 23 de fevereiro. Em&#8230;<\/p>\n","protected":false},"author":1182,"featured_media":18275,"comment_status":"closed","ping_status":"closed","sticky":false,"template":"","format":"standard","meta":{"footnotes":""},"categories":[6],"tags":[],"class_list":["post-18426","post","type-post","status-publish","format-standard","has-post-thumbnail","hentry","category-noticias"],"_links":{"self":[{"href":"https:\/\/www.sincomam.org.br\/index.php\/wp-json\/wp\/v2\/posts\/18426","targetHints":{"allow":["GET"]}}],"collection":[{"href":"https:\/\/www.sincomam.org.br\/index.php\/wp-json\/wp\/v2\/posts"}],"about":[{"href":"https:\/\/www.sincomam.org.br\/index.php\/wp-json\/wp\/v2\/types\/post"}],"author":[{"embeddable":true,"href":"https:\/\/www.sincomam.org.br\/index.php\/wp-json\/wp\/v2\/users\/1182"}],"replies":[{"embeddable":true,"href":"https:\/\/www.sincomam.org.br\/index.php\/wp-json\/wp\/v2\/comments?post=18426"}],"version-history":[{"count":1,"href":"https:\/\/www.sincomam.org.br\/index.php\/wp-json\/wp\/v2\/posts\/18426\/revisions"}],"predecessor-version":[{"id":18427,"href":"https:\/\/www.sincomam.org.br\/index.php\/wp-json\/wp\/v2\/posts\/18426\/revisions\/18427"}],"wp:featuredmedia":[{"embeddable":true,"href":"https:\/\/www.sincomam.org.br\/index.php\/wp-json\/wp\/v2\/media\/18275"}],"wp:attachment":[{"href":"https:\/\/www.sincomam.org.br\/index.php\/wp-json\/wp\/v2\/media?parent=18426"}],"wp:term":[{"taxonomy":"category","embeddable":true,"href":"https:\/\/www.sincomam.org.br\/index.php\/wp-json\/wp\/v2\/categories?post=18426"},{"taxonomy":"post_tag","embeddable":true,"href":"https:\/\/www.sincomam.org.br\/index.php\/wp-json\/wp\/v2\/tags?post=18426"}],"curies":[{"name":"wp","href":"https:\/\/api.w.org\/{rel}","templated":true}]}}