{"id":18423,"date":"2016-02-24T00:00:39","date_gmt":"2016-02-24T03:00:39","guid":{"rendered":"http:\/\/www.sincomam.org.br\/?p=18423"},"modified":"2016-02-23T20:56:24","modified_gmt":"2016-02-23T23:56:24","slug":"alerj-corta-pela-metade-beneficio-fiscal-a-light-por-servico-na-olimpiada","status":"publish","type":"post","link":"https:\/\/www.sincomam.org.br\/index.php\/alerj-corta-pela-metade-beneficio-fiscal-a-light-por-servico-na-olimpiada\/","title":{"rendered":"Alerj corta pela metade benef\u00edcio fiscal \u00e0 Light por servi\u00e7o na Olimp\u00edada"},"content":{"rendered":"<p>A Assembleia Legislativa do Estado do Rio de Janeiro (Alerj) reduziu \u00a0de R$ 170 milh\u00f5es para R$ 85 milh\u00f5es o valor de um benef\u00edcio fiscal \u00a0concedido \u00e0 concession\u00e1ria Light para o fornecimento de energia el\u00e9trica \u00a0extra a ser usada durante a Olimp\u00edada. No projeto de lei encaminhado \u00e0 \u00a0Alerj no ano passado, o governador Luiz Fernando Pez\u00e3o propunha que a \u00a0Light deixasse de recolher R$ 170 milh\u00f5es em ICMS (Imposto sobre \u00a0Circula\u00e7\u00e3o de Mercadorias e Servi\u00e7os), mas os deputados cortaram esse \u00a0valor pela metade.<\/p>\n<p>Uma reuni\u00e3o do \u00a0col\u00e9gio de l\u00edderes da Alerj analisou dois projetos de lei: esse que \u00a0concedia benef\u00edcio \u00e0 Light e outro que extinguia seis funda\u00e7\u00f5es \u00a0estaduais e a Superintend\u00eancia de Desportos do Estado (Suderj), o que \u00a0proporcionaria uma economia de R$ 88 milh\u00f5es por ano. O projeto que \u00a0previa a extin\u00e7\u00e3o dos \u00f3rg\u00e3os estaduais foi rejeitado.<\/p>\n<p>Para \u00a0o presidente da Alerj, deputado Jorge Picciani (PMDB), o corte nos \u00a0benef\u00edcios permite manter as funda\u00e7\u00f5es. &#8220;O governo prop\u00f5e a isen\u00e7\u00e3o de \u00a0R$ 170 milh\u00f5es para a Light. N\u00f3s reduzimos esse valor \u00e0 metade, para n\u00e3o \u00a0prejudicar a Olimp\u00edada, e a outra metade economizada vai ajudar a \u00a0manter as funda\u00e7\u00f5es e n\u00e3o desestruturar o Estado&#8221;, afirmou.<\/p>\n<p>Autor \u00a0do requerimento de destaque da emenda que reduziu o valor da isen\u00e7\u00e3o, o \u00a0deputado Luiz Paulo (PSDB) elogiou a decis\u00e3o: &#8220;A Alerj na verdade est\u00e1 \u00a0ajudando o governo a economizar esses R$ 85 milh\u00f5es, que v\u00e3o permitir a \u00a0manuten\u00e7\u00e3o das funda\u00e7\u00f5es, que s\u00e3o muito importantes para o Estado&#8221;, \u00a0disse.<\/p>\n<p>Para o l\u00edder do PMDB, deputado Andr\u00e9 Lazaroni, a \u00a0isen\u00e7\u00e3o aprovada atende \u00e0 necessidade da Olimp\u00edada. &#8220;Esses R$ 85 milh\u00f5es \u00a0ser\u00e3o suficientes, e, ao mesmo tempo, estamos salvando essas funda\u00e7\u00f5es, \u00a0que devem ser fortalecidas&#8221;, afirmou.<\/p>\n<p>As despesas com o \u00a0aluguel de geradores e linhas de transmiss\u00e3o a serem usados durante a \u00a0Olimp\u00edada chegam a R$ 460 milh\u00f5es. Cerca de R$ 290 milh\u00f5es ser\u00e3o pagos \u00a0pelo governo federal, e os R$ 170 milh\u00f5es restantes seriam bancados pelo \u00a0Estado do Rio, por meio do benef\u00edcio fiscal.<\/p>\n<p>O projeto \u00a0chegou a figurar na pauta de 14 de dezembro passado, mas foi retirado \u00a0para que fossem colhidas mais informa\u00e7\u00f5es, que acabaram n\u00e3o \u00a0encaminhadas. &#8220;N\u00f3s n\u00e3o queremos deixar de apoiar a Olimp\u00edada, mas os \u00a0elementos eram vagos, faltava consist\u00eancia. N\u00e3o foram enviados os \u00a0c\u00e1lculos e informa\u00e7\u00f5es que justificassem os R$ 170 milh\u00f5es&#8221;, disse \u00a0Picciani. O projeto de lei ser\u00e1 enviado ao governador, que tem 15 dias \u00a0\u00fateis para sancion\u00e1-lo ou vet\u00e1-lo.<\/p>\n<p>Fonte: Jornal O Dia<\/p>\n","protected":false},"excerpt":{"rendered":"<p>A Assembleia Legislativa do Estado do Rio de Janeiro (Alerj) reduziu \u00a0de R$ 170 milh\u00f5es para R$ 85 milh\u00f5es o valor de um benef\u00edcio fiscal&#8230;<\/p>\n","protected":false},"author":1182,"featured_media":18424,"comment_status":"closed","ping_status":"closed","sticky":false,"template":"","format":"standard","meta":{"footnotes":""},"categories":[6],"tags":[],"class_list":["post-18423","post","type-post","status-publish","format-standard","has-post-thumbnail","hentry","category-noticias"],"_links":{"self":[{"href":"https:\/\/www.sincomam.org.br\/index.php\/wp-json\/wp\/v2\/posts\/18423","targetHints":{"allow":["GET"]}}],"collection":[{"href":"https:\/\/www.sincomam.org.br\/index.php\/wp-json\/wp\/v2\/posts"}],"about":[{"href":"https:\/\/www.sincomam.org.br\/index.php\/wp-json\/wp\/v2\/types\/post"}],"author":[{"embeddable":true,"href":"https:\/\/www.sincomam.org.br\/index.php\/wp-json\/wp\/v2\/users\/1182"}],"replies":[{"embeddable":true,"href":"https:\/\/www.sincomam.org.br\/index.php\/wp-json\/wp\/v2\/comments?post=18423"}],"version-history":[{"count":1,"href":"https:\/\/www.sincomam.org.br\/index.php\/wp-json\/wp\/v2\/posts\/18423\/revisions"}],"predecessor-version":[{"id":18425,"href":"https:\/\/www.sincomam.org.br\/index.php\/wp-json\/wp\/v2\/posts\/18423\/revisions\/18425"}],"wp:featuredmedia":[{"embeddable":true,"href":"https:\/\/www.sincomam.org.br\/index.php\/wp-json\/wp\/v2\/media\/18424"}],"wp:attachment":[{"href":"https:\/\/www.sincomam.org.br\/index.php\/wp-json\/wp\/v2\/media?parent=18423"}],"wp:term":[{"taxonomy":"category","embeddable":true,"href":"https:\/\/www.sincomam.org.br\/index.php\/wp-json\/wp\/v2\/categories?post=18423"},{"taxonomy":"post_tag","embeddable":true,"href":"https:\/\/www.sincomam.org.br\/index.php\/wp-json\/wp\/v2\/tags?post=18423"}],"curies":[{"name":"wp","href":"https:\/\/api.w.org\/{rel}","templated":true}]}}