{"id":18421,"date":"2016-02-24T00:05:30","date_gmt":"2016-02-24T03:05:30","guid":{"rendered":"http:\/\/www.sincomam.org.br\/?p=18421"},"modified":"2016-02-23T20:53:29","modified_gmt":"2016-02-23T23:53:29","slug":"casos-confirmados-de-microcefalia-sobem-26-e-chegam-a-583","status":"publish","type":"post","link":"https:\/\/www.sincomam.org.br\/index.php\/casos-confirmados-de-microcefalia-sobem-26-e-chegam-a-583\/","title":{"rendered":"Casos confirmados de microcefalia sobem 26% e chegam a 583"},"content":{"rendered":"<p>O n\u00famero de casos confirmados de microcefalia no Brasil aumentou 26% \u00a0nos \u00faltimos dez dias, passando de 462 para 583 segundo o novo boletim \u00a0epidemiol\u00f3gico divulgado pelo Minist\u00e9rio da Sa\u00fade.<\/p>\n<p>Outros \u00a0950 casos suspeitos de microcefalia foram descartados ap\u00f3s an\u00e1lises \u00a0mais criteriosas, ou por serem crian\u00e7as sem a m\u00e1-forma\u00e7\u00e3o ou casos n\u00e3o \u00a0relacionados a infec\u00e7\u00f5es por v\u00edrus ou bact\u00e9rias. Todos os n\u00fameros se \u00a0referem ao per\u00edodo de 22 de outubro de 2015 a 20 de fevereiro deste ano, \u00a0e incluem &#8220;outras altera\u00e7\u00f5es do sistema nervoso central&#8221; al\u00e9m da \u00a0microcefalia.<\/p>\n<p>J\u00e1 foram notificados 120 \u00f3bitos de beb\u00eas por \u00a0microcefalia, o que inclui morte p\u00f3s-parto e aborto espont\u00e2neo. No \u00a0boletim anterior, divulgado em 22 de fevereiro, era 91. Desses, 30 foram \u00a0investigados e confirmados para microcefalia (ante 24 no balan\u00e7o \u00a0anterior) e 10 foram descartados. Outros 80 continuam em estudo.<\/p>\n<p>O \u00a0Minist\u00e9rio da Sa\u00fade informou que h\u00e1 4.107 casos em investiga\u00e7\u00e3o, \u00a0distribu\u00eddos em 1.101 munic\u00edpios de 25 unidades da federa\u00e7\u00e3o. Amap\u00e1 e \u00a0Amazonas permanecem como os \u00fanicos Estados da federa\u00e7\u00e3o que n\u00e3o tem \u00a0nenhum registro de casos.<\/p>\n<p>Pernambuco \u00e9 o Estado com o maior \u00a0n\u00famero de casos confirmados de microcefalia com infec\u00e7\u00e3o por zika \u00a0(209), seguido da Bahia (120). Mesmo nesses casos, n\u00e3o est\u00e1 exclu\u00edda a \u00a0possibilidade de a m\u00e3e da crian\u00e7a ter tido outras infec\u00e7\u00f5es capazes de \u00a0causar danos ao sistema nervoso do feto. Ou seja: n\u00e3o s\u00e3o casos em que o \u00a0zika foi identificado como \u00fanica causa poss\u00edvel da m\u00e1-forma\u00e7\u00e3o.<\/p>\n<p>&#8220;Cabe \u00a0esclarecer que o Minist\u00e9rio da Sa\u00fade est\u00e1 investigando todos os casos \u00a0de microcefalia e outras altera\u00e7\u00f5es do sistema nervoso central \u00a0informados pelos Estados e a poss\u00edvel rela\u00e7\u00e3o com o v\u00edrus zika e outras \u00a0infec\u00e7\u00f5es cong\u00eanitas&#8221;, diz o boletim. &#8220;A microcefalia pode ter como \u00a0causa diversos agentes infecciosos al\u00e9m do zika, como s\u00edfilis, \u00a0toxoplasmose, outros agentes infecciosos, rub\u00e9ola, citomegalov\u00edrus e \u00a0herpes viral.&#8221;<\/p>\n<p>Fonte: Isto \u00c9 Dinheiro<\/p>\n","protected":false},"excerpt":{"rendered":"<p>O n\u00famero de casos confirmados de microcefalia no Brasil aumentou 26% \u00a0nos \u00faltimos dez dias, passando de 462 para 583 segundo o novo boletim \u00a0epidemiol\u00f3gico&#8230;<\/p>\n","protected":false},"author":1182,"featured_media":18315,"comment_status":"closed","ping_status":"closed","sticky":false,"template":"","format":"standard","meta":{"footnotes":""},"categories":[6],"tags":[],"class_list":["post-18421","post","type-post","status-publish","format-standard","has-post-thumbnail","hentry","category-noticias"],"_links":{"self":[{"href":"https:\/\/www.sincomam.org.br\/index.php\/wp-json\/wp\/v2\/posts\/18421","targetHints":{"allow":["GET"]}}],"collection":[{"href":"https:\/\/www.sincomam.org.br\/index.php\/wp-json\/wp\/v2\/posts"}],"about":[{"href":"https:\/\/www.sincomam.org.br\/index.php\/wp-json\/wp\/v2\/types\/post"}],"author":[{"embeddable":true,"href":"https:\/\/www.sincomam.org.br\/index.php\/wp-json\/wp\/v2\/users\/1182"}],"replies":[{"embeddable":true,"href":"https:\/\/www.sincomam.org.br\/index.php\/wp-json\/wp\/v2\/comments?post=18421"}],"version-history":[{"count":1,"href":"https:\/\/www.sincomam.org.br\/index.php\/wp-json\/wp\/v2\/posts\/18421\/revisions"}],"predecessor-version":[{"id":18422,"href":"https:\/\/www.sincomam.org.br\/index.php\/wp-json\/wp\/v2\/posts\/18421\/revisions\/18422"}],"wp:featuredmedia":[{"embeddable":true,"href":"https:\/\/www.sincomam.org.br\/index.php\/wp-json\/wp\/v2\/media\/18315"}],"wp:attachment":[{"href":"https:\/\/www.sincomam.org.br\/index.php\/wp-json\/wp\/v2\/media?parent=18421"}],"wp:term":[{"taxonomy":"category","embeddable":true,"href":"https:\/\/www.sincomam.org.br\/index.php\/wp-json\/wp\/v2\/categories?post=18421"},{"taxonomy":"post_tag","embeddable":true,"href":"https:\/\/www.sincomam.org.br\/index.php\/wp-json\/wp\/v2\/tags?post=18421"}],"curies":[{"name":"wp","href":"https:\/\/api.w.org\/{rel}","templated":true}]}}