{"id":18409,"date":"2016-02-23T09:17:13","date_gmt":"2016-02-23T12:17:13","guid":{"rendered":"http:\/\/www.sincomam.org.br\/?p=18409"},"modified":"2016-02-23T09:17:13","modified_gmt":"2016-02-23T12:17:13","slug":"pf-aponta-possivel-relacao-de-lula-em-praticas-criminosas","status":"publish","type":"post","link":"https:\/\/www.sincomam.org.br\/index.php\/pf-aponta-possivel-relacao-de-lula-em-praticas-criminosas\/","title":{"rendered":"PF aponta poss\u00edvel rela\u00e7\u00e3o de Lula em pr\u00e1ticas criminosas"},"content":{"rendered":"<p>A Pol\u00edcia Federal aponta para &#8220;poss\u00edvel envolvimento do ex-presidente Luiz In\u00e1cio Lula da Silva em pr\u00e1ticas criminosas&#8221;.<\/p>\n<p>Em relat\u00f3rio de 44 p\u00e1ginas anexado ao inqu\u00e9rito da Opera\u00e7\u00e3o Acaraj\u00e9 &#8211; 23.\u00aa etapa da Lava Jato -, em que complementa pedido de buscas o delegado Filipe Hille Pace analisa a anota\u00e7\u00e3o &#8220;Pr\u00e9dio (IL)&#8221; encontrada em celular do empres\u00e1rio Marcelo Odebrecht ao lado de valor superior a R$ 12 milh\u00f5es.<\/p>\n<p>&#8220;Em rela\u00e7\u00e3o \u00e0 anota\u00e7\u00e3o &#8216;Pr\u00e9dio (IL)&#8217; a Equipe de An\u00e1lise consignou ser poss\u00edvel que tal rubrica fa\u00e7a refer\u00eancia ao Instituto Lula. Caso a rubrica &#8216;Pr\u00e9dio (IL)&#8217; refira-se ao Instituto Lula, a conclus\u00e3o de maior plausibilidade seria a de que o Grupo Odebrecht arcou com os custos de constru\u00e7\u00e3o da sede da referida entidade e\/ou de outras propriedades pertencentes a Luiz In\u00e1cio Lula da Silva.&#8221;<\/p>\n<p>O delegado assinala que &#8220;\u00e9 importante que seja mencionado que a investiga\u00e7\u00e3o policial n\u00e3o se presta a buscar a condena\u00e7\u00e3o e a pris\u00e3o de &#8216;A&#8217; ou &#8216;B&#8217;. O ponto inicial do trabalho investigativo \u00e9 o de buscar a reprodu\u00e7\u00e3o dos fatos. A partir disto, se tais fatos apontarem para o cometimento de crimes, \u00e9 natural que a persecu\u00e7\u00e3o penal siga seu curso, com o indiciamento pelo delegado de Pol\u00edcia, o oferecimento de den\u00fancia pelo Minist\u00e9rio P\u00fablico.&#8221;<\/p>\n<p>&#8220;O poss\u00edvel envolvimento do ex-presidente da Rep\u00fablica em pr\u00e1ticas criminosas deve ser tratado com parcim\u00f4nia, o que n\u00e3o significa que as autoridades policiais devam deixar de exercer seu mister constitucional&#8221;, ressalta o relat\u00f3rio.<\/p>\n<p>O delegado aponta para uma planilha com anota\u00e7\u00f5es &#8220;possivelmente idealizada por Marcelo Bahia Odebrecht&#8221;.<\/p>\n<p>Os dados, segundo ele, &#8220;revelam, a partir do que foi poss\u00edvel apurar em esfera policial, o controle que o dirigente m\u00e1ximo do Grupo Odebrecht tinha sobre a destina\u00e7\u00e3o de recursos, \u00e0 margem da lei, ao Partido dos Trabalhadores.&#8221;<\/p>\n<p>O relat\u00f3rio faz men\u00e7\u00e3o, ainda, ao ex-tesoureiro do PT, Jo\u00e3o Vaccari Neto, preso desde abril de 2015 na Lava Jato.<\/p>\n<p>&#8220;H\u00e1, em anota\u00e7\u00e3o do celular de Marcelo Bahia Odebrecht men\u00e7\u00e3o a palavra &#8216;Pr\u00e9dio&#8217;. Na nota, a palavra est\u00e1 acompanhada de &#8216;Vaca&#8217;, sendo que a conclus\u00e3o alcan\u00e7ada foi a de que seriam disponibilizados recursos a Jo\u00e3o Vaccari Neto.&#8221;<\/p>\n<p>O documento pontua a composi\u00e7\u00e3o do montante de R$ 12,42 milh\u00f5es supostamente destinado \u00e0 constru\u00e7\u00e3o do Instituto Lula &#8211; tr\u00eas vezes o valor de R$ 1.057.000,00 (R$ 3.171.000,00), acrescidos dos valores de R$ 8.217.000,00 e 1.034.000,00.<\/p>\n<p>&#8220;A composi\u00e7\u00e3o do valor de R$ 12.422.000 faz refer\u00eancia a valores espec\u00edficos, possivelmente devidos em raz\u00e3o de servi\u00e7os prestados, por exemplo, cujo valor \u00e9 calculado com base no pre\u00e7o de produtos e m\u00e3o de obras. As investiga\u00e7\u00f5es policiais conduzidas na Opera\u00e7\u00e3o Lava Jato demonstraram que a negocia\u00e7\u00e3o de vantagens indevidas, quando se referiam a transfer\u00eancias banc\u00e1rias no exterior ou disponibiliza\u00e7\u00e3o do recurso em esp\u00e9cie, permaneciam, geralmente, em n\u00fameros inteiros &#8211; tal como R$ 500.000,00, R$ 1.000.000,00, R$ 1.500.000,00. N\u00e3o \u00e9 cr\u00edvel que o agente corrompido solicitasse a disponibiliza\u00e7\u00e3o, em esp\u00e9cie, de valores quebrados, tal como R$ 1.057.000,00&#8221;, aponta o texto.<\/p>\n<p>&#8220;Valores &#8216;quebrados&#8217; foram identificados em duas situa\u00e7\u00f5es: quando a vantagem indevida era calculada a partir de porcentuais &#8211; no caso dos contratos da Petrobras &#8211; e quando a vantagem se travestia na disponibiliza\u00e7\u00e3o de servi\u00e7os, bens e outras benesses pass\u00edveis de serem valoradas precisamente. Assim, caso a rubrica &#8216;Pr\u00e9dio (IL)&#8217; refira-se ao Instituto Lula, a conclus\u00e3o de maior plausibilidade seria a de que o Grupo Odebrecht arcou com os custos de constru\u00e7\u00e3o da sede da referida entidade e\/ou de outras propriedades pertencentes a Luiz In\u00e1cio Lula da Silva.&#8221;<\/p>\n<p>Fonte: Exame<\/p>\n","protected":false},"excerpt":{"rendered":"<p>A Pol\u00edcia Federal aponta para &#8220;poss\u00edvel envolvimento do ex-presidente Luiz In\u00e1cio Lula da Silva em pr\u00e1ticas criminosas&#8221;. Em relat\u00f3rio de 44 p\u00e1ginas anexado ao inqu\u00e9rito&#8230;<\/p>\n","protected":false},"author":1182,"featured_media":18410,"comment_status":"closed","ping_status":"closed","sticky":false,"template":"","format":"standard","meta":{"footnotes":""},"categories":[6],"tags":[],"class_list":["post-18409","post","type-post","status-publish","format-standard","has-post-thumbnail","hentry","category-noticias"],"_links":{"self":[{"href":"https:\/\/www.sincomam.org.br\/index.php\/wp-json\/wp\/v2\/posts\/18409","targetHints":{"allow":["GET"]}}],"collection":[{"href":"https:\/\/www.sincomam.org.br\/index.php\/wp-json\/wp\/v2\/posts"}],"about":[{"href":"https:\/\/www.sincomam.org.br\/index.php\/wp-json\/wp\/v2\/types\/post"}],"author":[{"embeddable":true,"href":"https:\/\/www.sincomam.org.br\/index.php\/wp-json\/wp\/v2\/users\/1182"}],"replies":[{"embeddable":true,"href":"https:\/\/www.sincomam.org.br\/index.php\/wp-json\/wp\/v2\/comments?post=18409"}],"version-history":[{"count":1,"href":"https:\/\/www.sincomam.org.br\/index.php\/wp-json\/wp\/v2\/posts\/18409\/revisions"}],"predecessor-version":[{"id":18411,"href":"https:\/\/www.sincomam.org.br\/index.php\/wp-json\/wp\/v2\/posts\/18409\/revisions\/18411"}],"wp:featuredmedia":[{"embeddable":true,"href":"https:\/\/www.sincomam.org.br\/index.php\/wp-json\/wp\/v2\/media\/18410"}],"wp:attachment":[{"href":"https:\/\/www.sincomam.org.br\/index.php\/wp-json\/wp\/v2\/media?parent=18409"}],"wp:term":[{"taxonomy":"category","embeddable":true,"href":"https:\/\/www.sincomam.org.br\/index.php\/wp-json\/wp\/v2\/categories?post=18409"},{"taxonomy":"post_tag","embeddable":true,"href":"https:\/\/www.sincomam.org.br\/index.php\/wp-json\/wp\/v2\/tags?post=18409"}],"curies":[{"name":"wp","href":"https:\/\/api.w.org\/{rel}","templated":true}]}}