{"id":18379,"date":"2016-02-22T01:24:38","date_gmt":"2016-02-22T04:24:38","guid":{"rendered":"http:\/\/www.sincomam.org.br\/?p=18379"},"modified":"2016-02-21T19:26:33","modified_gmt":"2016-02-21T22:26:33","slug":"diretora-geral-da-oms-vem-ao-brasil-para-acompanhar-acao-contra-a-zika","status":"publish","type":"post","link":"https:\/\/www.sincomam.org.br\/index.php\/diretora-geral-da-oms-vem-ao-brasil-para-acompanhar-acao-contra-a-zika\/","title":{"rendered":"Diretora-geral da OMS vem ao Brasil para acompanhar a\u00e7\u00e3o contra a zika"},"content":{"rendered":"<p>A diretora-geral da OMS (Organiza\u00e7\u00e3o Mundial da Sa\u00fade), Margaret Chan, visita o Brasil esta semana para acompanhar a epidemia do v\u00edrus da zika\u00a0no pa\u00eds. A previs\u00e3o \u00e9 que ela desembarque em Bras\u00edlia na pr\u00f3xima ter\u00e7a-feira (23).<\/p>\n<p>Da capital federal, Margaret Chan deve ir ao Recife, j\u00e1 que o estado de Pernambuco registra o maior n\u00famero de casos de microcefalia\u00a0possivelmente associados \u00e0 infec\u00e7\u00e3o pelo zika (182 casos da malforma\u00e7\u00e3o confirmados e 1.203 em investiga\u00e7\u00e3o).<\/p>\n<p>De acordo com o Minist\u00e9rio da Sa\u00fade, a visita da diretora-geral da OMS ocorre a convite do governo brasileiro. A agenda oficial de Margaret Chan no Brasil deve ser divulgada no dia 22.<\/p>\n<p>No in\u00edcio do m\u00eas, a OMS declarou emerg\u00eancia\u00a0em sa\u00fade p\u00fablica de interesse internacional em raz\u00e3o do aumento de casos de infec\u00e7\u00e3o pelo zika em diversos pa\u00edses e de uma poss\u00edvel rela\u00e7\u00e3o da doen\u00e7a com quadros de malforma\u00e7\u00e3o cong\u00eanita e s\u00edndromes neurol\u00f3gicas.<\/p>\n<p>O Minist\u00e9rio da Sa\u00fade investiga pelo menos 3.935 casos suspeitos de microcefalia possivelmente associada ao v\u00edrus. At\u00e9 o dia 13 de fevereiro, 508 casos foram confirmados e 837 descartados de um total de 5.280 notifica\u00e7\u00f5es de estados e munic\u00edpios ao governo federal.<\/p>\n<p>Desde a \u00faltima quinta-feira (18), a notifica\u00e7\u00e3o de casos suspeitos de infec\u00e7\u00e3o pelo zika \u00e9 obrigat\u00f3ria no Brasil. A portaria, publicada no Di\u00e1rio Oficial da Uni\u00e3o, prev\u00ea que todos os casos suspeitos dever\u00e3o ser comunicados semanalmente \u00e0s autoridades sanit\u00e1rias.<\/p>\n<p>Margaret Chan foi eleita diretora-geral da entidade pela primeira vez em novembro de 2006. Em maio de 2012, a sanitarista foi reconduzida para o mandato que vai at\u00e9 junho de 2017. Antes, ela j\u00e1 havia ocupado dois diferentes postos na OMS.<\/p>\n<p>Fonte: Folha de S\u00e3o Paulo<\/p>\n","protected":false},"excerpt":{"rendered":"<p>A diretora-geral da OMS (Organiza\u00e7\u00e3o Mundial da Sa\u00fade), Margaret Chan, visita o Brasil esta semana para acompanhar a epidemia do v\u00edrus da zika\u00a0no pa\u00eds. A&#8230;<\/p>\n","protected":false},"author":1182,"featured_media":18383,"comment_status":"closed","ping_status":"closed","sticky":false,"template":"","format":"standard","meta":{"footnotes":""},"categories":[6],"tags":[],"class_list":["post-18379","post","type-post","status-publish","format-standard","has-post-thumbnail","hentry","category-noticias"],"_links":{"self":[{"href":"https:\/\/www.sincomam.org.br\/index.php\/wp-json\/wp\/v2\/posts\/18379","targetHints":{"allow":["GET"]}}],"collection":[{"href":"https:\/\/www.sincomam.org.br\/index.php\/wp-json\/wp\/v2\/posts"}],"about":[{"href":"https:\/\/www.sincomam.org.br\/index.php\/wp-json\/wp\/v2\/types\/post"}],"author":[{"embeddable":true,"href":"https:\/\/www.sincomam.org.br\/index.php\/wp-json\/wp\/v2\/users\/1182"}],"replies":[{"embeddable":true,"href":"https:\/\/www.sincomam.org.br\/index.php\/wp-json\/wp\/v2\/comments?post=18379"}],"version-history":[{"count":1,"href":"https:\/\/www.sincomam.org.br\/index.php\/wp-json\/wp\/v2\/posts\/18379\/revisions"}],"predecessor-version":[{"id":18384,"href":"https:\/\/www.sincomam.org.br\/index.php\/wp-json\/wp\/v2\/posts\/18379\/revisions\/18384"}],"wp:featuredmedia":[{"embeddable":true,"href":"https:\/\/www.sincomam.org.br\/index.php\/wp-json\/wp\/v2\/media\/18383"}],"wp:attachment":[{"href":"https:\/\/www.sincomam.org.br\/index.php\/wp-json\/wp\/v2\/media?parent=18379"}],"wp:term":[{"taxonomy":"category","embeddable":true,"href":"https:\/\/www.sincomam.org.br\/index.php\/wp-json\/wp\/v2\/categories?post=18379"},{"taxonomy":"post_tag","embeddable":true,"href":"https:\/\/www.sincomam.org.br\/index.php\/wp-json\/wp\/v2\/tags?post=18379"}],"curies":[{"name":"wp","href":"https:\/\/api.w.org\/{rel}","templated":true}]}}