{"id":18373,"date":"2016-02-22T00:59:19","date_gmt":"2016-02-22T03:59:19","guid":{"rendered":"http:\/\/www.sincomam.org.br\/?p=18373"},"modified":"2016-02-21T19:15:05","modified_gmt":"2016-02-21T22:15:05","slug":"gm-estuda-cancelar-investimento-no-brasil","status":"publish","type":"post","link":"https:\/\/www.sincomam.org.br\/index.php\/gm-estuda-cancelar-investimento-no-brasil\/","title":{"rendered":"GM estuda cancelar investimento no Brasil"},"content":{"rendered":"<p>A General Motors\u00a0pode rever seu plano de investimento no Brasil de R$ 6,5 bilh\u00f5es, anunciado em julho passado, e com previs\u00e3o de cobrir gastos at\u00e9 2019. O presidente mundial da empresa, Dan Ammann, teme que o Pa\u00eds continue com a economia paralisada, o que impedir\u00e1 a rea\u00e7\u00e3o do mercado automobil\u00edstico nos pr\u00f3ximos anos. &#8220;Tenho esperan\u00e7a de ver sinais de avan\u00e7os pol\u00edticos e econ\u00f4micos nos pr\u00f3ximos 6 a 12 meses, o que vai nos permitir seguir o curso do investimento planejado.&#8221; Do contr\u00e1rio, afirma ele, &#8220;vamos reavaliar&#8221;.<\/p>\n<p>N\u00famero dois no comando da GM global &#8211; ele se reporta \u00e0 executiva Mary Barra -, Ammann esteve no Pa\u00eds na ter\u00e7a-feira e na quarta-feira para ver o andamento de novos projetos. Em entrevista ao Estad\u00e3o, mostrou-se bastante preocupado com a situa\u00e7\u00e3o local. &#8220;Estamos aqui h\u00e1 91 anos e estamos acostumados com ciclos de altas e baixas no Brasil e na Am\u00e9rica do Sul, mas o que mais nos preocupa agora \u00e9 que pode n\u00e3o haver solu\u00e7\u00e3o nos pr\u00f3ximos tr\u00eas anos.&#8221;<\/p>\n<p>Em julho de 2015, Ammann esteve com a presidente Dilma Rousseff, em Bras\u00edlia, e anunciou o aporte de R$ 6,5 bilh\u00f5es, boa parte para o desenvolvimento de novos produtos e tecnologias. Na \u00e9poca, o mercado automobil\u00edstico como um todo j\u00e1 registrava queda de vendas na casa dos 20%. Mas, de l\u00e1 para c\u00e1, o cen\u00e1rio piorou. Os neg\u00f3cios ca\u00edram 26,6% em rela\u00e7\u00e3o a 2014. F\u00e1bricas suspenderam a produ\u00e7\u00e3o v\u00e1rias vezes e reduziram o quadro de pessoal em 14,7 mil trabalhadores. Este ano, o mercado come\u00e7ou com nova queda de quase 40% nas vendas anualizadas em janeiro.<\/p>\n<p>Ammann ressalta que o novo pacote de investimento s\u00f3 come\u00e7ar\u00e1 a ser efetivamente aplicado em 2017, o que d\u00e1 tempo para avaliar seu cancelamento. &#8220;Dividimos nossas responsabilidades com os acionistas e qualquer investimento tem de ser avaliado \u00e0 luz de um retorno&#8221;, refor\u00e7a Barry Engle, presidente da GM para a Am\u00e9rica do Sul.<\/p>\n<p>Fonte: Isto \u00c9 Dinheiro<\/p>\n","protected":false},"excerpt":{"rendered":"<p>A General Motors\u00a0pode rever seu plano de investimento no Brasil de R$ 6,5 bilh\u00f5es, anunciado em julho passado, e com previs\u00e3o de cobrir gastos at\u00e9&#8230;<\/p>\n","protected":false},"author":1182,"featured_media":18374,"comment_status":"closed","ping_status":"closed","sticky":false,"template":"","format":"standard","meta":{"footnotes":""},"categories":[6],"tags":[],"class_list":["post-18373","post","type-post","status-publish","format-standard","has-post-thumbnail","hentry","category-noticias"],"_links":{"self":[{"href":"https:\/\/www.sincomam.org.br\/index.php\/wp-json\/wp\/v2\/posts\/18373","targetHints":{"allow":["GET"]}}],"collection":[{"href":"https:\/\/www.sincomam.org.br\/index.php\/wp-json\/wp\/v2\/posts"}],"about":[{"href":"https:\/\/www.sincomam.org.br\/index.php\/wp-json\/wp\/v2\/types\/post"}],"author":[{"embeddable":true,"href":"https:\/\/www.sincomam.org.br\/index.php\/wp-json\/wp\/v2\/users\/1182"}],"replies":[{"embeddable":true,"href":"https:\/\/www.sincomam.org.br\/index.php\/wp-json\/wp\/v2\/comments?post=18373"}],"version-history":[{"count":1,"href":"https:\/\/www.sincomam.org.br\/index.php\/wp-json\/wp\/v2\/posts\/18373\/revisions"}],"predecessor-version":[{"id":18375,"href":"https:\/\/www.sincomam.org.br\/index.php\/wp-json\/wp\/v2\/posts\/18373\/revisions\/18375"}],"wp:featuredmedia":[{"embeddable":true,"href":"https:\/\/www.sincomam.org.br\/index.php\/wp-json\/wp\/v2\/media\/18374"}],"wp:attachment":[{"href":"https:\/\/www.sincomam.org.br\/index.php\/wp-json\/wp\/v2\/media?parent=18373"}],"wp:term":[{"taxonomy":"category","embeddable":true,"href":"https:\/\/www.sincomam.org.br\/index.php\/wp-json\/wp\/v2\/categories?post=18373"},{"taxonomy":"post_tag","embeddable":true,"href":"https:\/\/www.sincomam.org.br\/index.php\/wp-json\/wp\/v2\/tags?post=18373"}],"curies":[{"name":"wp","href":"https:\/\/api.w.org\/{rel}","templated":true}]}}