{"id":18337,"date":"2016-02-19T08:40:08","date_gmt":"2016-02-19T10:40:08","guid":{"rendered":"http:\/\/www.sincomam.org.br\/?p=18337"},"modified":"2016-02-18T22:20:02","modified_gmt":"2016-02-19T00:20:02","slug":"bc-diz-que-economia-piorou-mas-nao-ha-espaco-para-cortar-juros-no-brasil","status":"publish","type":"post","link":"https:\/\/www.sincomam.org.br\/index.php\/bc-diz-que-economia-piorou-mas-nao-ha-espaco-para-cortar-juros-no-brasil\/","title":{"rendered":"BC diz que economia piorou, mas n\u00e3o h\u00e1 espa\u00e7o para cortar juros no Brasil"},"content":{"rendered":"<p>O Banco Central avalia que n\u00e3o h\u00e1 espa\u00e7o para reduzir a taxa b\u00e1sica de juros, apesar da expectativa de crescimento mais baixo da economia brasileira. O corte da taxa b\u00e1sica, que est\u00e1 em 14,25% ao ano desde julho de 2015, \u00e9 uma das principais demandas de partidos e entidades ligados ao governo que defendem mudan\u00e7as na pol\u00edtica econ\u00f4mica.<\/p>\n<p>Nesta quarta-feira (18), o diretor de Pol\u00edtica Monet\u00e1ria do BC, Aldo Mendes, afirmou as expectativas de um desempenho ainda pior das economias brasileira e mundial devem contribuir para a queda da infla\u00e7\u00e3o em 2016. Mesmo assim, a institui\u00e7\u00e3o avalia que &#8220;n\u00e3o pode descuidar de idiossincrasias e particularidades de nossa realidade&#8221;, como a indexa\u00e7\u00e3o de pre\u00e7os e a expectativa de infla\u00e7\u00e3o ainda alta neste e no pr\u00f3ximo ano.<\/p>\n<p>Mendes afirmou que esses dois fatores, somados \u00e0 infla\u00e7\u00e3o ainda elevada neste in\u00edcio de ano, &#8220;n\u00e3o deixam espa\u00e7o para uma flexibiliza\u00e7\u00e3o das condi\u00e7\u00f5es monet\u00e1rias.&#8221;<\/p>\n<p>O BC reafirmou que a infla\u00e7\u00e3o medida pelo IPCA, que estava em 10,71% nos 12 meses encerrados em janeiro, deve cair nos pr\u00f3ximos meses. O objetivo da institui\u00e7\u00e3o \u00e9 deix\u00e1-la abaixo do limite de 6,5% neste ano e em 4,5% no pr\u00f3ximo.<\/p>\n<p>Sobre a economia brasileira, Mendes afirmou que houve uma &#8220;abertura do hiato do produto dom\u00e9stico&#8221;. Ou seja, a economia brasileira ter\u00e1 um desempenho ainda mais baixo que o seu potencial, fator que dever\u00e1 reduzir a press\u00e3o inflacion\u00e1ria em 2016, segundo o BC.<\/p>\n<p>A institui\u00e7\u00e3o divulgou nesta quinta-feira (18) o IBC-Br (\u00cdndice de Atividade Econ\u00f4mica do Banco Central), que mostrou retra\u00e7\u00e3o de 4,1% na economia em 2015. Relat\u00f3rio da OCDE (Organiza\u00e7\u00e3o para Coopera\u00e7\u00e3o e Desenvolvimento Econ\u00f4mico), tamb\u00e9m divulgado hoje, projeta uma retra\u00e7\u00e3o de 4% da economia brasileira em 2016, com recupera\u00e7\u00e3o apenas em 2017.<\/p>\n<p>A estimativa do mercado para o PIB de 2015 \u00e9 uma queda de 3,8%. Para 2016, retra\u00e7\u00e3o de 3,3%, segundo o relat\u00f3rio Focus do BC.<\/p>\n<p>At\u00e9 o come\u00e7o do ano, o BC indicava que subiria os juros, mas mudou de posi\u00e7\u00e3o no fim de janeiro, em um epis\u00f3dio pol\u00eamico\u00a0envolvendo o presidente da institui\u00e7\u00e3o, Alexandre Tombini.<\/p>\n<p>Fonte: Folha de S\u00e3o Paulo<\/p>\n","protected":false},"excerpt":{"rendered":"<p>O Banco Central avalia que n\u00e3o h\u00e1 espa\u00e7o para reduzir a taxa b\u00e1sica de juros, apesar da expectativa de crescimento mais baixo da economia brasileira&#8230;.<\/p>\n","protected":false},"author":1182,"featured_media":17824,"comment_status":"closed","ping_status":"closed","sticky":false,"template":"","format":"standard","meta":{"footnotes":""},"categories":[6],"tags":[],"class_list":["post-18337","post","type-post","status-publish","format-standard","has-post-thumbnail","hentry","category-noticias"],"_links":{"self":[{"href":"https:\/\/www.sincomam.org.br\/index.php\/wp-json\/wp\/v2\/posts\/18337","targetHints":{"allow":["GET"]}}],"collection":[{"href":"https:\/\/www.sincomam.org.br\/index.php\/wp-json\/wp\/v2\/posts"}],"about":[{"href":"https:\/\/www.sincomam.org.br\/index.php\/wp-json\/wp\/v2\/types\/post"}],"author":[{"embeddable":true,"href":"https:\/\/www.sincomam.org.br\/index.php\/wp-json\/wp\/v2\/users\/1182"}],"replies":[{"embeddable":true,"href":"https:\/\/www.sincomam.org.br\/index.php\/wp-json\/wp\/v2\/comments?post=18337"}],"version-history":[{"count":1,"href":"https:\/\/www.sincomam.org.br\/index.php\/wp-json\/wp\/v2\/posts\/18337\/revisions"}],"predecessor-version":[{"id":18338,"href":"https:\/\/www.sincomam.org.br\/index.php\/wp-json\/wp\/v2\/posts\/18337\/revisions\/18338"}],"wp:featuredmedia":[{"embeddable":true,"href":"https:\/\/www.sincomam.org.br\/index.php\/wp-json\/wp\/v2\/media\/17824"}],"wp:attachment":[{"href":"https:\/\/www.sincomam.org.br\/index.php\/wp-json\/wp\/v2\/media?parent=18337"}],"wp:term":[{"taxonomy":"category","embeddable":true,"href":"https:\/\/www.sincomam.org.br\/index.php\/wp-json\/wp\/v2\/categories?post=18337"},{"taxonomy":"post_tag","embeddable":true,"href":"https:\/\/www.sincomam.org.br\/index.php\/wp-json\/wp\/v2\/tags?post=18337"}],"curies":[{"name":"wp","href":"https:\/\/api.w.org\/{rel}","templated":true}]}}