{"id":18333,"date":"2016-02-19T00:13:27","date_gmt":"2016-02-19T02:13:27","guid":{"rendered":"http:\/\/www.sincomam.org.br\/?p=18333"},"modified":"2016-02-18T22:16:30","modified_gmt":"2016-02-19T00:16:30","slug":"complexo-portuario-de-manaus-movimenta-11916-milhoes-de-toneladas-em-seis-anos","status":"publish","type":"post","link":"https:\/\/www.sincomam.org.br\/index.php\/complexo-portuario-de-manaus-movimenta-11916-milhoes-de-toneladas-em-seis-anos\/","title":{"rendered":"Complexo portu\u00e1rio de Manaus movimenta 119,16 milh\u00f5es de toneladas em seis anos"},"content":{"rendered":"<p>O Complexo Portu\u00e1rio de Manaus movimentou nos \u00faltimos seis anos 119,16 milh\u00f5es de toneladas. A movimenta\u00e7\u00e3o de cargas importadas do setor portu\u00e1rio da capital amazonense foi maior e concentrou 62,21% do total. Somente em 2015 um volume de 20,30 milh\u00f5es de toneladas passou pelo porto e terminais privados. Os dados foram divulgados pela Secretaria de Portos (SEP) da Presid\u00eancia da Rep\u00fablica.<\/p>\n<p>Depois de registrar queda na movimenta\u00e7\u00e3o em 2013, o Complexo Portu\u00e1rio voltou a registrar evolu\u00e7\u00e3o positiva no volume de cargas em 2014 e manteve crescimento em 2015, quando fechou o ano alcan\u00e7ando a marca de 20,30 milh\u00f5es\/t cargas movimentadas. Desse volume 57,34% foram de importa\u00e7\u00f5es (11,64 milh\u00f5es) e 42,66% de exporta\u00e7\u00f5es (8,66 milh\u00f5es\/t).<\/p>\n<p>&#8220;Esses dados mostram o quanto o transporte fluvial \u00e9 importante para o escoamento da produ\u00e7\u00e3o industrial e v\u00e1rios tipos de cargas, al\u00e9m de crucial para garantir a movimenta\u00e7\u00e3o de insumos utilizados pelas f\u00e1bricas que est\u00e3o instaladas no Polo Industrial de Manaus. A demanda para o modal existe e precisamos que a infraestrutura portu\u00e1ria seja adequada para atend\u00ea-la&#8221;, avaliou o presidente do Sindicado das Empresas de Navega\u00e7\u00e3o Fluvial no Estado do Amazonas, Galdino Alencar J\u00fanior.<\/p>\n<p><strong>Terminais Privados<\/strong><\/p>\n<p>Os terminais portu\u00e1rios privados concentraram quase toda a movimenta\u00e7\u00e3o de cargas do complexo portu\u00e1rio de Manaus. Ao todo, 119,10 milh\u00f5es de toneladas passaram pelos terminais. O volume corresponde 97,4% do total de cargas. O volume geral de exporta\u00e7\u00f5es dos \u00faltimos seis anos foi 45,03 milh\u00f5es\/t e 74,07 milh\u00f5es de toneladas de cargas importadas.<\/p>\n<p>Fonte: Portos e Navios<\/p>\n","protected":false},"excerpt":{"rendered":"<p>O Complexo Portu\u00e1rio de Manaus movimentou nos \u00faltimos seis anos 119,16 milh\u00f5es de toneladas. A movimenta\u00e7\u00e3o de cargas importadas do setor portu\u00e1rio da capital amazonense&#8230;<\/p>\n","protected":false},"author":1182,"featured_media":18334,"comment_status":"closed","ping_status":"closed","sticky":false,"template":"","format":"standard","meta":{"footnotes":""},"categories":[6],"tags":[],"class_list":["post-18333","post","type-post","status-publish","format-standard","has-post-thumbnail","hentry","category-noticias"],"_links":{"self":[{"href":"https:\/\/www.sincomam.org.br\/index.php\/wp-json\/wp\/v2\/posts\/18333","targetHints":{"allow":["GET"]}}],"collection":[{"href":"https:\/\/www.sincomam.org.br\/index.php\/wp-json\/wp\/v2\/posts"}],"about":[{"href":"https:\/\/www.sincomam.org.br\/index.php\/wp-json\/wp\/v2\/types\/post"}],"author":[{"embeddable":true,"href":"https:\/\/www.sincomam.org.br\/index.php\/wp-json\/wp\/v2\/users\/1182"}],"replies":[{"embeddable":true,"href":"https:\/\/www.sincomam.org.br\/index.php\/wp-json\/wp\/v2\/comments?post=18333"}],"version-history":[{"count":2,"href":"https:\/\/www.sincomam.org.br\/index.php\/wp-json\/wp\/v2\/posts\/18333\/revisions"}],"predecessor-version":[{"id":18336,"href":"https:\/\/www.sincomam.org.br\/index.php\/wp-json\/wp\/v2\/posts\/18333\/revisions\/18336"}],"wp:featuredmedia":[{"embeddable":true,"href":"https:\/\/www.sincomam.org.br\/index.php\/wp-json\/wp\/v2\/media\/18334"}],"wp:attachment":[{"href":"https:\/\/www.sincomam.org.br\/index.php\/wp-json\/wp\/v2\/media?parent=18333"}],"wp:term":[{"taxonomy":"category","embeddable":true,"href":"https:\/\/www.sincomam.org.br\/index.php\/wp-json\/wp\/v2\/categories?post=18333"},{"taxonomy":"post_tag","embeddable":true,"href":"https:\/\/www.sincomam.org.br\/index.php\/wp-json\/wp\/v2\/tags?post=18333"}],"curies":[{"name":"wp","href":"https:\/\/api.w.org\/{rel}","templated":true}]}}