{"id":18314,"date":"2016-02-19T00:00:10","date_gmt":"2016-02-19T02:00:10","guid":{"rendered":"http:\/\/www.sincomam.org.br\/?p=18314"},"modified":"2016-02-18T21:45:25","modified_gmt":"2016-02-18T23:45:25","slug":"notificacao-de-casos-de-zika-passa-a-ser-obrigatoria-no-brasil","status":"publish","type":"post","link":"https:\/\/www.sincomam.org.br\/index.php\/notificacao-de-casos-de-zika-passa-a-ser-obrigatoria-no-brasil\/","title":{"rendered":"Notifica\u00e7\u00e3o de casos de zika passa a ser obrigat\u00f3ria no Brasil"},"content":{"rendered":"<p>O ministro da Sa\u00fade, Marcelo Castro, afirmou que se tornou compuls\u00f3ria a notifica\u00e7\u00e3o de casos de doen\u00e7as relacionadas ao v\u00edrus da zika. A medida foi publicada na edi\u00e7\u00e3o desta quinta do &#8220;Di\u00e1rio Oficial da Uni\u00e3o&#8221;.<\/p>\n<p>Castro deu a declara\u00e7\u00e3o pouco antes de participar de uma reuni\u00e3o entre representantes de institutos de pesquisa do Brasil e dos EUA para discutir a\u00e7\u00f5es contra o v\u00edrus. O encontro foi no pr\u00e9dio de Bras\u00edlia onde funcionam as representa\u00e7\u00f5es da Organiza\u00e7\u00e3o Pan-Americana de Sa\u00fade (OPAS) e da Organiza\u00e7\u00e3o Mundial de Sa\u00fade (OMS).<\/p>\n<p>Na pr\u00e1tica, explicou o ministro, com as notifica\u00e7\u00f5es, o minist\u00e9rio passar\u00e1 a ter uma contabilidade espec\u00edfica sobre a rela\u00e7\u00e3o entre a microcefalia e o v\u00edrus da zika. At\u00e9 ent\u00e3o, a microcefalia, mesmo decorrente do v\u00edrus da zika, vinha sendo notificada como malforma\u00e7\u00e3o cong\u00eanita. Com a mudan\u00e7a, o governo quer tornar mais precisa a observa\u00e7\u00e3o dos casos de microcefalia decorrentes da zika.<\/p>\n<p>\u201cPublicamos hoje [quinta, 18] uma portaria tornando a enfermidade do v\u00edrus da zika de notifica\u00e7\u00e3o compuls\u00f3ria no Brasil. No caso da microcefalia, embora j\u00e1 houvesse a necessidade de notifica\u00e7\u00e3o, ela [notifica\u00e7\u00e3o] estava entre outras in\u00fameras malforma\u00e7\u00f5es cong\u00eanitas e, a partir de agora, daremos um destaque especial. O que a portaria faz, na pr\u00e1tica, \u00e9 tornar obrigat\u00f3ria a notifica\u00e7\u00e3o do v\u00edrus da zika relacionado \u00e0 microcefalia\u201d, afirmou o ministro.<\/p>\n<p>Segundo Castro, o objetivo da reuni\u00e3o desta quinta entre institutos brasileiros e norte-americanos \u00e9 abordar o desenvolvimento da vacina contra o v\u00edrus e tipos de tratamento para quem for diagnosticado com zika. O ministro da Sa\u00fade disse que tamb\u00e9m ser\u00e3o discutidos testes \u201cmais eficazes e mais r\u00e1pidos\u201d para o diagn\u00f3stico.<\/p>\n<p>Castro voltou a dizer que as vacinas contra o zika dever\u00e3o estar prontas em um ano e, em tr\u00eas anos, prontas para serem distribu\u00eddas. Ainda segundo ele, um dos pontos que as pesquisas devem esclarecer \u00e9 se os casos de microcefalia ocorrem exclusivamente por a\u00e7\u00e3o do v\u00edrus da zika ou se outro fator contribui.<\/p>\n<p>\u201cO que nos falta, e \u00e9 sobre isso que trata a parceria entre Brasil e Estados Unidos, \u00e9 estabelecer se o v\u00edrus sozinho \u00e9 a causa suficiente da microcefalia ou se h\u00e1 necessidade de algum fator contribuinte. Ou seja, [saber] se o que causa a microcefalia \u00e9 s\u00f3 o v\u00edrus da zika ou o v\u00edrus associado a alguma outra coisa\u201d, ressaltou Castro.<\/p>\n<p>Fonte: Globo<\/p>\n","protected":false},"excerpt":{"rendered":"<p>O ministro da Sa\u00fade, Marcelo Castro, afirmou que se tornou compuls\u00f3ria a notifica\u00e7\u00e3o de casos de doen\u00e7as relacionadas ao v\u00edrus da zika. A medida foi&#8230;<\/p>\n","protected":false},"author":1182,"featured_media":18315,"comment_status":"closed","ping_status":"closed","sticky":false,"template":"","format":"standard","meta":{"footnotes":""},"categories":[6],"tags":[],"class_list":["post-18314","post","type-post","status-publish","format-standard","has-post-thumbnail","hentry","category-noticias"],"_links":{"self":[{"href":"https:\/\/www.sincomam.org.br\/index.php\/wp-json\/wp\/v2\/posts\/18314","targetHints":{"allow":["GET"]}}],"collection":[{"href":"https:\/\/www.sincomam.org.br\/index.php\/wp-json\/wp\/v2\/posts"}],"about":[{"href":"https:\/\/www.sincomam.org.br\/index.php\/wp-json\/wp\/v2\/types\/post"}],"author":[{"embeddable":true,"href":"https:\/\/www.sincomam.org.br\/index.php\/wp-json\/wp\/v2\/users\/1182"}],"replies":[{"embeddable":true,"href":"https:\/\/www.sincomam.org.br\/index.php\/wp-json\/wp\/v2\/comments?post=18314"}],"version-history":[{"count":1,"href":"https:\/\/www.sincomam.org.br\/index.php\/wp-json\/wp\/v2\/posts\/18314\/revisions"}],"predecessor-version":[{"id":18316,"href":"https:\/\/www.sincomam.org.br\/index.php\/wp-json\/wp\/v2\/posts\/18314\/revisions\/18316"}],"wp:featuredmedia":[{"embeddable":true,"href":"https:\/\/www.sincomam.org.br\/index.php\/wp-json\/wp\/v2\/media\/18315"}],"wp:attachment":[{"href":"https:\/\/www.sincomam.org.br\/index.php\/wp-json\/wp\/v2\/media?parent=18314"}],"wp:term":[{"taxonomy":"category","embeddable":true,"href":"https:\/\/www.sincomam.org.br\/index.php\/wp-json\/wp\/v2\/categories?post=18314"},{"taxonomy":"post_tag","embeddable":true,"href":"https:\/\/www.sincomam.org.br\/index.php\/wp-json\/wp\/v2\/tags?post=18314"}],"curies":[{"name":"wp","href":"https:\/\/api.w.org\/{rel}","templated":true}]}}