{"id":18299,"date":"2016-02-18T00:10:22","date_gmt":"2016-02-18T02:10:22","guid":{"rendered":"http:\/\/www.sincomam.org.br\/?p=18299"},"modified":"2016-02-17T21:28:58","modified_gmt":"2016-02-17T23:28:58","slug":"governo-faz-sete-propostas-para-reforma-da-previdencia","status":"publish","type":"post","link":"https:\/\/www.sincomam.org.br\/index.php\/governo-faz-sete-propostas-para-reforma-da-previdencia\/","title":{"rendered":"Governo faz sete propostas para reforma da Previd\u00eancia"},"content":{"rendered":"<p>O governo<strong>\u00a0<\/strong>vai encaminhar ao Congresso Nacional propostas para uma reforma da Previd\u00eancia<strong>\u00a0<\/strong>em 60 dias, afirmou o ministro do Trabalho e da Previd\u00eancia, Miguel Rossetto, destacando que, at\u00e9 l\u00e1, o Executivo buscar\u00e1 consenso em rela\u00e7\u00e3o a temas como a diferen\u00e7a de regras para aposentadoria entre homens e mulheres.<\/p>\n<p>Durante reuni\u00e3o do F\u00f3rum de Debates sobre Pol\u00edticas de Trabalho, Emprego, Renda e Previd\u00eancia Social realizada nesta quinta-feira, o governo n\u00e3o apresentou nenhuma proposta concreta, em meio ao fr\u00e1gil cen\u00e1rio pol\u00edtico e forte resist\u00eancia das centrais sindicais \u00e0s mudan\u00e7as previdenci\u00e1rias.<\/p>\n<div id=\"tt-wrapper6614b42\" class=\"tt-wrapper inread \">\n<div id=\"tt-mention6614b42\" class=\"tt-mention inread \">Em coletiva de imprensa ap\u00f3s o encontro, Rossetto disse haver &#8220;confian\u00e7a na capacidade de dialogo&#8221; para que as iniciativas possam ser encaminhadas ao Congresso<strong>\u00a0<\/strong>a partir de maio.<\/div>\n<\/div>\n<p>Durante a reuni\u00e3o, o secret\u00e1rio especial da Previd\u00eancia, Carlos Gabas, apresentou um roteiro com sete pontos que dever\u00e3o ser contemplados nos debates, reiterando que n\u00e3o h\u00e1 proposta fechada para nenhum deles.<\/p>\n<p>Al\u00e9m da eventual converg\u00eancia de regras previdenci\u00e1rias para homens e mulheres, o governo quer discutir a demografia e idade m\u00e9dia das aposentadorias, e o financiamento e regras de acesso \u00e0 Previd\u00eancia rural.<\/p>\n<p>Completam a lista de temas o financiamento da Previd\u00eancia Social: receitas, ren\u00fancias e recupera\u00e7\u00e3o de cr\u00e9ditos; pens\u00f5es por morte; regimes pr\u00f3prios de Previd\u00eancia e converg\u00eancia dos sistemas previdenci\u00e1rios.<\/p>\n<p>Rossetto reconheceu que as propostas de mudan\u00e7as n\u00e3o ter\u00e3o implica\u00e7\u00e3o de curto prazo do ponto de vista fiscal, e que a aprova\u00e7\u00e3o da CPMF, olhando para o horizonte pr\u00f3ximo, \u00e9 muito importante para refor\u00e7ar o caixa do governo.<\/p>\n<p>Na abertura do f\u00f3rum, o ministro-chefe da Secretaria de Governo, Ricardo Berzoini, j\u00e1 havia destacado o desafio demogr\u00e1fico como uma quest\u00e3o que deve ser endere\u00e7ada para garantir a sustentabilidade da Previd\u00eancia.<\/p>\n<p>Berzoini deu ind\u00edcios de que as mudan\u00e7as, desenhadas para manter a solidariedade intergeracional do sistema previdenci\u00e1rio, devem ter um per\u00edodo de transi\u00e7\u00e3o, passando a valer especialmente para os que est\u00e3o entrando agora no mercado de trabalho, e &#8220;n\u00e3o para quem est\u00e1 por cinco, seis ou dez anos para se aposentar&#8221;.<\/p>\n<p>Segundo Berzoini, o pa\u00eds se depara com duplo desafio para o financiamento da seguridade social. De um lado, a mudan\u00e7a de paradigmas na economia internacional, com queda na cota\u00e7\u00e3o de commodities. De outro, o envelhecimento da popula\u00e7\u00e3o no Brasil.<\/p>\n<p>O ministro da Fazenda, Nelson Barbosa, j\u00e1 falou publicamente sobre a necessidade de mudan\u00e7as na Previd\u00eancia, incluindo a institui\u00e7\u00e3o de idade m\u00ednima para a aposentadoria, em meio a s\u00e9rios problemas fiscais no pa\u00eds.<\/p>\n<p>Mas as altera\u00e7\u00f5es enfrentam oposi\u00e7\u00e3o de centrais sindicais e s\u00e3o consideradas de complicada tramita\u00e7\u00e3o no Congresso, num momento em que a crise pol\u00edtica d\u00e1 poucos sinais de arrefecimento.<\/p>\n<p>Fonte: Exame<\/p>\n","protected":false},"excerpt":{"rendered":"<p>O governo\u00a0vai encaminhar ao Congresso Nacional propostas para uma reforma da Previd\u00eancia\u00a0em 60 dias, afirmou o ministro do Trabalho e da Previd\u00eancia, Miguel Rossetto, destacando&#8230;<\/p>\n","protected":false},"author":1182,"featured_media":18128,"comment_status":"closed","ping_status":"closed","sticky":false,"template":"","format":"standard","meta":{"footnotes":""},"categories":[6],"tags":[],"class_list":["post-18299","post","type-post","status-publish","format-standard","has-post-thumbnail","hentry","category-noticias"],"_links":{"self":[{"href":"https:\/\/www.sincomam.org.br\/index.php\/wp-json\/wp\/v2\/posts\/18299","targetHints":{"allow":["GET"]}}],"collection":[{"href":"https:\/\/www.sincomam.org.br\/index.php\/wp-json\/wp\/v2\/posts"}],"about":[{"href":"https:\/\/www.sincomam.org.br\/index.php\/wp-json\/wp\/v2\/types\/post"}],"author":[{"embeddable":true,"href":"https:\/\/www.sincomam.org.br\/index.php\/wp-json\/wp\/v2\/users\/1182"}],"replies":[{"embeddable":true,"href":"https:\/\/www.sincomam.org.br\/index.php\/wp-json\/wp\/v2\/comments?post=18299"}],"version-history":[{"count":1,"href":"https:\/\/www.sincomam.org.br\/index.php\/wp-json\/wp\/v2\/posts\/18299\/revisions"}],"predecessor-version":[{"id":18300,"href":"https:\/\/www.sincomam.org.br\/index.php\/wp-json\/wp\/v2\/posts\/18299\/revisions\/18300"}],"wp:featuredmedia":[{"embeddable":true,"href":"https:\/\/www.sincomam.org.br\/index.php\/wp-json\/wp\/v2\/media\/18128"}],"wp:attachment":[{"href":"https:\/\/www.sincomam.org.br\/index.php\/wp-json\/wp\/v2\/media?parent=18299"}],"wp:term":[{"taxonomy":"category","embeddable":true,"href":"https:\/\/www.sincomam.org.br\/index.php\/wp-json\/wp\/v2\/categories?post=18299"},{"taxonomy":"post_tag","embeddable":true,"href":"https:\/\/www.sincomam.org.br\/index.php\/wp-json\/wp\/v2\/tags?post=18299"}],"curies":[{"name":"wp","href":"https:\/\/api.w.org\/{rel}","templated":true}]}}