{"id":18287,"date":"2016-02-17T09:14:12","date_gmt":"2016-02-17T11:14:12","guid":{"rendered":"http:\/\/www.sincomam.org.br\/?p=18287"},"modified":"2016-02-17T09:14:12","modified_gmt":"2016-02-17T11:14:12","slug":"meta-para-contas-do-governo-permitira-deficit-de-1-do-pib","status":"publish","type":"post","link":"https:\/\/www.sincomam.org.br\/index.php\/meta-para-contas-do-governo-permitira-deficit-de-1-do-pib\/","title":{"rendered":"Meta para contas do governo permitir\u00e1 d\u00e9ficit de 1% do PIB"},"content":{"rendered":"<p>A equipe econ\u00f4mica estuda flexibilizar a meta para as contas do governo federal deste ano para permitir um d\u00e9ficit prim\u00e1rio (sem levar em conta os gastos com juros) de at\u00e9 1% do PIB, o equivalente a cerca de R$ 61 bilh\u00f5es.<\/p>\n<p>Isso pode ocorrer caso o governo n\u00e3o consiga arrecadar tudo o que espera com receitas extraordin\u00e1rias, como a volta da CPMF.<\/p>\n<p>A meta atual de economia \u00e9 de um super\u00e1vit de 0,38% do PIB para o governo federal e 0,5% para todo o setor p\u00fablico, incluindo Estados e munic\u00edpios.<\/p>\n<p>Mas, como est\u00e1 cada vez mais dif\u00edcil alcan\u00e7ar o resultado, o governo quer criar um sistema de bandas, como existe na infla\u00e7\u00e3o, que permita reduzir o objetivo a ser alcan\u00e7ado.<\/p>\n<p>A Junta Or\u00e7ament\u00e1ria &#8211; composta pelos ministros da Fazenda (Nelson Barbosa), da Casa Civil (Jaques Wagner) e do Planejamento (Valdir Sim\u00e3o) &#8211; ainda n\u00e3o definiu os valores das bandas.<\/p>\n<p>A expectativa \u00e9 de que o governo necessitar\u00e1 de uma margem para acomodar um d\u00e9ficit superior a 0,5% do PIB, podendo chegar a 1% do PIB.<\/p>\n<p>A proposta de mudan\u00e7a da meta de 2016 com uma banda de flutua\u00e7\u00e3o \u00e9 o primeiro passo para a reforma fiscal que o ministro da Fazenda, Nelson Barbosa, est\u00e1 preparando.<\/p>\n<p>O Broadcast, servi\u00e7o em tempo real da Ag\u00eancia Estado, apurou que a banda de flutua\u00e7\u00e3o ser\u00e1 feita em fun\u00e7\u00e3o de receitas extraordin\u00e1rias e ainda incertas previstas para este ano, como a repatria\u00e7\u00e3o de receitas n\u00e3o declaradas no exterior (R$ 21 bilh\u00f5es), venda de ativos do governo (R$ 30 bilh\u00f5es) e a volta da CPMF (R$ 10 bilh\u00f5es).<\/p>\n<p>Caso essas receitas n\u00e3o se concretizem, parte poder\u00e1 ser abatida da meta fiscal. Tamb\u00e9m est\u00e1 sendo avaliada a possibilidade de abater parte de receitas de impostos e contribui\u00e7\u00f5es federais que o governo n\u00e3o conseguir arrecadar.<\/p>\n<p>Uma fonte da \u00e1rea econ\u00f4mica informou que a proposta indicar\u00e1 uma perda potencial de receita. &#8220;O espa\u00e7o n\u00e3o quer dizer que ir\u00edamos para o piso. Essas receitas s\u00e3o poss\u00edveis e vamos atr\u00e1s delas&#8221;, afirmou a fonte.<\/p>\n<p>A discuss\u00e3o ainda est\u00e1 no in\u00edcio. Os n\u00fameros ser\u00e3o levados para avalia\u00e7\u00e3o da presidente Dilma Rousseff.<\/p>\n<p>O governo quer introduzir a banda de flutua\u00e7\u00e3o j\u00e1 em 2016 para evitar o desgaste de ter que, ao final do ano, enviar um projeto de lei alterando a meta vigente, como ocorreu nos anos anteriores.<\/p>\n<p>Limite para gastos<\/p>\n<p>Paralelamente, o governo tamb\u00e9m est\u00e1 preparando regras que evitem o aumento do gasto (com um teto para a expans\u00e3o das despesas). Al\u00e9m de medidas corretivas que possam ser acionadas para evitar que o teto seja estourado, como, por exemplo, o cancelamento de reajuste de pessoal.<\/p>\n<p>Isso tudo para indicar que a meta flex\u00edvel n\u00e3o \u00e9 um &#8220;cheque em branco&#8221; e o governo est\u00e1 disposto a conter as despesas para diminuir o rombo estrutural das contas p\u00fablicas.<\/p>\n<p>Essas regras t\u00eam de estar prontas at\u00e9 abril, quando o governo precisa enviar ao Congresso Nacional o projeto de Lei de Diretrizes Or\u00e7ament\u00e1rias (LDO) de 2017.<\/p>\n<p>Por causa das resist\u00eancias internas, n\u00e3o est\u00e1 certo se o ministro Barbosa conseguir\u00e1 anunciar as medidas na sexta-feira, junto com o corte Or\u00e7ament\u00e1rio, como \u00e9 a sua inten\u00e7\u00e3o.<\/p>\n<p>Como informou o Estado, o corte ficar\u00e1 em torno de R$ 24 bilh\u00f5es e ainda dever\u00e1 manter a previs\u00e3o de cumprimento da meta de R$ 24 bilh\u00f5es para 2016 das contas do Governo Central.<\/p>\n<p>Fonte: Exame<\/p>\n","protected":false},"excerpt":{"rendered":"<p>A equipe econ\u00f4mica estuda flexibilizar a meta para as contas do governo federal deste ano para permitir um d\u00e9ficit prim\u00e1rio (sem levar em conta os&#8230;<\/p>\n","protected":false},"author":1182,"featured_media":18164,"comment_status":"closed","ping_status":"closed","sticky":false,"template":"","format":"standard","meta":{"footnotes":""},"categories":[6],"tags":[],"class_list":["post-18287","post","type-post","status-publish","format-standard","has-post-thumbnail","hentry","category-noticias"],"_links":{"self":[{"href":"https:\/\/www.sincomam.org.br\/index.php\/wp-json\/wp\/v2\/posts\/18287","targetHints":{"allow":["GET"]}}],"collection":[{"href":"https:\/\/www.sincomam.org.br\/index.php\/wp-json\/wp\/v2\/posts"}],"about":[{"href":"https:\/\/www.sincomam.org.br\/index.php\/wp-json\/wp\/v2\/types\/post"}],"author":[{"embeddable":true,"href":"https:\/\/www.sincomam.org.br\/index.php\/wp-json\/wp\/v2\/users\/1182"}],"replies":[{"embeddable":true,"href":"https:\/\/www.sincomam.org.br\/index.php\/wp-json\/wp\/v2\/comments?post=18287"}],"version-history":[{"count":1,"href":"https:\/\/www.sincomam.org.br\/index.php\/wp-json\/wp\/v2\/posts\/18287\/revisions"}],"predecessor-version":[{"id":18288,"href":"https:\/\/www.sincomam.org.br\/index.php\/wp-json\/wp\/v2\/posts\/18287\/revisions\/18288"}],"wp:featuredmedia":[{"embeddable":true,"href":"https:\/\/www.sincomam.org.br\/index.php\/wp-json\/wp\/v2\/media\/18164"}],"wp:attachment":[{"href":"https:\/\/www.sincomam.org.br\/index.php\/wp-json\/wp\/v2\/media?parent=18287"}],"wp:term":[{"taxonomy":"category","embeddable":true,"href":"https:\/\/www.sincomam.org.br\/index.php\/wp-json\/wp\/v2\/categories?post=18287"},{"taxonomy":"post_tag","embeddable":true,"href":"https:\/\/www.sincomam.org.br\/index.php\/wp-json\/wp\/v2\/tags?post=18287"}],"curies":[{"name":"wp","href":"https:\/\/api.w.org\/{rel}","templated":true}]}}