{"id":18284,"date":"2016-02-17T00:00:26","date_gmt":"2016-02-17T02:00:26","guid":{"rendered":"http:\/\/www.sincomam.org.br\/?p=18284"},"modified":"2016-02-16T22:14:21","modified_gmt":"2016-02-17T00:14:21","slug":"varejo-tem-em-2015-o-pior-recuo-de-vendas-desde-2001","status":"publish","type":"post","link":"https:\/\/www.sincomam.org.br\/index.php\/varejo-tem-em-2015-o-pior-recuo-de-vendas-desde-2001\/","title":{"rendered":"Varejo tem em 2015 o pior recuo de vendas desde 2001"},"content":{"rendered":"<p><span>O volume de vendas no varejo restrito em 2015 recuou 4,3%, segundo o IBGE, pior resultado para um ano desde 2001, in\u00edcio da s\u00e9rie hist\u00f3rica da Pesquisa Mensal do Com\u00e9rcio (PMC). O Natal do ano passado foi o pior dos \u00faltimos 15 anos para o com\u00e9rcio: entre novembro e dezembro a queda foi de 2,7%, j\u00e1 descontados os efeitos sazonais, e, na compara\u00e7\u00e3o\u00a0com igual m\u00eas de 2014, o recuo chegou a 7,1%. Ambos resultados negativos recordes. <\/p>\n<p>O tombo \u00e9 reflexo do menor ritmo da atividade econ\u00f4mica, com redu\u00e7\u00e3o da renda das fam\u00edlias, o cr\u00e9dito mais restrito e a infla\u00e7\u00e3o alta. &#8220;Todos os fatores que inibem o consumo das fam\u00edlias t\u00eam impacto direto no com\u00e9rcio&#8221;, apontou a gerente da coordena\u00e7\u00e3o de servi\u00e7os e\u00a0com\u00e9rcio do IBGE, Isabella Nunes. <\/p>\n<p>O recuo foi generalizado: sete dos oito segmentos pesquisados tiveram resultados negativos no ano. O recuo registrado em dezembro ante novembro foi pior que a m\u00e9dia estimada pelo Valor Data, de retra\u00e7\u00e3o de 2,3%, apurada junto a 20 economistas e institui\u00e7\u00f5es financeiras. \u00a0O intervalo das proje\u00e7\u00f5es era de queda de 0,5% at\u00e9 3,4%. No ano, a retra\u00e7\u00e3o nas vendas do varejo restrito ficou dentro do esperado. <\/p>\n<p>Ainda segundo o IBGE, a receita nominal do varejo restrito caiu 1,9% em dezembro, ante novembro, j\u00e1 descontados os efeitos sazonais. Na compara\u00e7\u00e3o com dezembro de 2014, a receita nominal do varejo restrito aumentou 2,8%. No ano de 2015, a receita teve alta de 3,2% em termos nominais.<\/p>\n<p>Fonte: Valor Econ\u00f4mico<\/span><\/p>\n","protected":false},"excerpt":{"rendered":"<p>O volume de vendas no varejo restrito em 2015 recuou 4,3%, segundo o IBGE, pior resultado para um ano desde 2001, in\u00edcio da s\u00e9rie hist\u00f3rica&#8230;<\/p>\n","protected":false},"author":1182,"featured_media":17867,"comment_status":"closed","ping_status":"closed","sticky":false,"template":"","format":"standard","meta":{"footnotes":""},"categories":[6],"tags":[],"class_list":["post-18284","post","type-post","status-publish","format-standard","has-post-thumbnail","hentry","category-noticias"],"_links":{"self":[{"href":"https:\/\/www.sincomam.org.br\/index.php\/wp-json\/wp\/v2\/posts\/18284","targetHints":{"allow":["GET"]}}],"collection":[{"href":"https:\/\/www.sincomam.org.br\/index.php\/wp-json\/wp\/v2\/posts"}],"about":[{"href":"https:\/\/www.sincomam.org.br\/index.php\/wp-json\/wp\/v2\/types\/post"}],"author":[{"embeddable":true,"href":"https:\/\/www.sincomam.org.br\/index.php\/wp-json\/wp\/v2\/users\/1182"}],"replies":[{"embeddable":true,"href":"https:\/\/www.sincomam.org.br\/index.php\/wp-json\/wp\/v2\/comments?post=18284"}],"version-history":[{"count":1,"href":"https:\/\/www.sincomam.org.br\/index.php\/wp-json\/wp\/v2\/posts\/18284\/revisions"}],"predecessor-version":[{"id":18285,"href":"https:\/\/www.sincomam.org.br\/index.php\/wp-json\/wp\/v2\/posts\/18284\/revisions\/18285"}],"wp:featuredmedia":[{"embeddable":true,"href":"https:\/\/www.sincomam.org.br\/index.php\/wp-json\/wp\/v2\/media\/17867"}],"wp:attachment":[{"href":"https:\/\/www.sincomam.org.br\/index.php\/wp-json\/wp\/v2\/media?parent=18284"}],"wp:term":[{"taxonomy":"category","embeddable":true,"href":"https:\/\/www.sincomam.org.br\/index.php\/wp-json\/wp\/v2\/categories?post=18284"},{"taxonomy":"post_tag","embeddable":true,"href":"https:\/\/www.sincomam.org.br\/index.php\/wp-json\/wp\/v2\/tags?post=18284"}],"curies":[{"name":"wp","href":"https:\/\/api.w.org\/{rel}","templated":true}]}}