{"id":18282,"date":"2016-02-17T00:20:57","date_gmt":"2016-02-17T02:20:57","guid":{"rendered":"http:\/\/www.sincomam.org.br\/?p=18282"},"modified":"2016-02-16T21:58:01","modified_gmt":"2016-02-16T23:58:01","slug":"pt-vai-propor-plano-economico-paralelo-para-retomada-do-crescimento","status":"publish","type":"post","link":"https:\/\/www.sincomam.org.br\/index.php\/pt-vai-propor-plano-economico-paralelo-para-retomada-do-crescimento\/","title":{"rendered":"PT vai propor plano econ\u00f4mico paralelo para retomada do crescimento\u00a0"},"content":{"rendered":"<p><span>Em meio a press\u00f5es por mudan\u00e7as na economia, o PT vai apresentar ao governo federal um \u201cPlano Nacional de Emerg\u00eancia\u201d para a retomada do crescimento econ\u00f4mico. As propostas foram discutidas nesta segunda-feira, em S\u00e3o Paulo, durante reuni\u00e3o do ex-presidente Luiz In\u00e1cio Lula da Silva com o conselho pol\u00edtico da presid\u00eancia do partido.<\/p>\n<p>Entre as medidas est\u00e3o a mudan\u00e7a na condu\u00e7\u00e3o da pol\u00edtica econ\u00f4mica, com a redu\u00e7\u00e3o da taxa de juros. As propostas ser\u00e3o debatidas na reuni\u00e3o do diret\u00f3rio nacional no fim do m\u00eas, no Rio de Janeiro, quando o PT comemora seu anivers\u00e1rio de 36 anos.\u00a0O documento com propostas para a retomada do crescimento prev\u00ea a convoca\u00e7\u00e3o de uma confer\u00eancia nacional\u00a0sobre pol\u00edtica econ\u00f4mica. No encontro de Lula com petistas, governadores, prefeitos, intelectuais e dirigentes sindicais, foi criticada a \u201cagenda neoliberal\u201d do governo e o \u201cambiente de paralisia de obras\u201d que prejudica o pa\u00eds.<\/p>\n<p>Depois da reuni\u00e3o com Lula, o presidente nacional do PT, Rui Falc\u00e3o, n\u00e3o quis detalhar o plano. Falc\u00e3o desconversou tamb\u00e9m sobre uma reforma da Previd\u00eancia, um dos temas discutidos no encontro desta segunda-feira. O PT rejeita a proposta encampada pelo governo. O presidente da sigla afirmou que n\u00e3o ir\u00e1 \u201cinterditar\u201d o debate sobre o tema.\u00a0<\/p>\n<p>O presidente do Sindicato dos Metal\u00fargicos do ABC, Rafael Marques, disse que o pa\u00eds n\u00e3o precisa de uma reforma da Previd\u00eancia como prop\u00f5e o governo. \u201cAjustes pontuais v\u00e3o acontecer, mas n\u00e3o tem motivo para criar uma onda de reforma da Previd\u00eancia baseado em um ano de crise. Nos anos anteriores n\u00e3o foi assim\u201d, afirmou o dirigente sindical. \u201c\u00c9 um\u00a0movimento err\u00e1tico do governo ter dado tanta \u00eanfase \u00e0 reforma da Previd\u00eancia neste momento. N\u00e3o se faz uma medida estrutural baseada num ano ruim.\u201d Entre as medidas, o governo prev\u00ea a fixa\u00e7\u00e3o de uma idade m\u00ednima para a aposentadoria.<\/p>\n<p>Fonte: Valor Econ\u00f4mico<\/span><\/p>\n","protected":false},"excerpt":{"rendered":"<p>Em meio a press\u00f5es por mudan\u00e7as na economia, o PT vai apresentar ao governo federal um \u201cPlano Nacional de Emerg\u00eancia\u201d para a retomada do crescimento&#8230;<\/p>\n","protected":false},"author":1182,"featured_media":18040,"comment_status":"closed","ping_status":"closed","sticky":false,"template":"","format":"standard","meta":{"footnotes":""},"categories":[6],"tags":[],"class_list":["post-18282","post","type-post","status-publish","format-standard","has-post-thumbnail","hentry","category-noticias"],"_links":{"self":[{"href":"https:\/\/www.sincomam.org.br\/index.php\/wp-json\/wp\/v2\/posts\/18282","targetHints":{"allow":["GET"]}}],"collection":[{"href":"https:\/\/www.sincomam.org.br\/index.php\/wp-json\/wp\/v2\/posts"}],"about":[{"href":"https:\/\/www.sincomam.org.br\/index.php\/wp-json\/wp\/v2\/types\/post"}],"author":[{"embeddable":true,"href":"https:\/\/www.sincomam.org.br\/index.php\/wp-json\/wp\/v2\/users\/1182"}],"replies":[{"embeddable":true,"href":"https:\/\/www.sincomam.org.br\/index.php\/wp-json\/wp\/v2\/comments?post=18282"}],"version-history":[{"count":1,"href":"https:\/\/www.sincomam.org.br\/index.php\/wp-json\/wp\/v2\/posts\/18282\/revisions"}],"predecessor-version":[{"id":18283,"href":"https:\/\/www.sincomam.org.br\/index.php\/wp-json\/wp\/v2\/posts\/18282\/revisions\/18283"}],"wp:featuredmedia":[{"embeddable":true,"href":"https:\/\/www.sincomam.org.br\/index.php\/wp-json\/wp\/v2\/media\/18040"}],"wp:attachment":[{"href":"https:\/\/www.sincomam.org.br\/index.php\/wp-json\/wp\/v2\/media?parent=18282"}],"wp:term":[{"taxonomy":"category","embeddable":true,"href":"https:\/\/www.sincomam.org.br\/index.php\/wp-json\/wp\/v2\/categories?post=18282"},{"taxonomy":"post_tag","embeddable":true,"href":"https:\/\/www.sincomam.org.br\/index.php\/wp-json\/wp\/v2\/tags?post=18282"}],"curies":[{"name":"wp","href":"https:\/\/api.w.org\/{rel}","templated":true}]}}