{"id":18238,"date":"2016-02-16T08:34:23","date_gmt":"2016-02-16T10:34:23","guid":{"rendered":"http:\/\/www.sincomam.org.br\/?p=18238"},"modified":"2016-02-16T08:34:23","modified_gmt":"2016-02-16T10:34:23","slug":"porto-do-acu-tera-novo-terminal-de-r-610-milhoes","status":"publish","type":"post","link":"https:\/\/www.sincomam.org.br\/index.php\/porto-do-acu-tera-novo-terminal-de-r-610-milhoes\/","title":{"rendered":"Porto do A\u00e7u ter\u00e1 novo terminal de R$ 610 milh\u00f5es"},"content":{"rendered":"<p>O estado do Rio de Janeiro\u00a0ter\u00e1 um novo terminal portu\u00e1rio no Porto do A\u00e7u, em S\u00e3o Jo\u00e3o da Barra, no norte fluminense. A obra receber\u00e1 investimento de R$ 610 milh\u00f5es e poder\u00e1 gerar at\u00e9 25 mil empregos diretos e indiretos.<\/p>\n<p>Hoje (15), o governador do Rio, Luiz Fernando Pez\u00e3o, e o ministro da Secretaria de Portos\u00a0da Presid\u00eancia da Rep\u00fablica, Helder Barbalho, participaram da assinatura de autoriza\u00e7\u00e3o para que a empresa Brasil Port Log\u00edstica Offshore inicie os investimentos na obra.<\/p>\n<p>O complexo portu\u00e1rio de S\u00e3o Jo\u00e3o da Barra servir\u00e1 para apoiar a ind\u00fastria de \u00f3leo e g\u00e1s da Bacia de Campos.<\/p>\n<p>At\u00e9 2042, dentro do Plano Nacional de Log\u00edstica Portu\u00e1rias, o estado do Rio dever\u00e1 receber R$ 7,8 bilh\u00f5es, o equivalente a 15% dos investimentos portu\u00e1rios previstos para o pa\u00eds, que somar\u00e3o um total de R$ 51 bilh\u00f5es.<\/p>\n<p>Durante a solenidade, no Pal\u00e1cio Guanabara, Pez\u00e3o destacou a import\u00e2ncia do investimento para o estado.<\/p>\n<p>\u201cPara a gente, neste momento de dificuldade na empregabilidade, \u00e9 extraordin\u00e1rio receber uma not\u00edcia como esta. Em poucos lugares no mundo ter\u00e1 tanta atividade quanto haver\u00e1 no Porto do A\u00e7u, que ser\u00e1 uma das bases do pr\u00e9-sal. \u00c9 uma das regi\u00f5es que precisa de muito de investimento, pois \u00e9 uma das mais pobres do estado\u201d, disse.<\/p>\n<p>Para o ministro Barbalho, o principal benef\u00edcio ser\u00e1 a gera\u00e7\u00e3o de empregos. \u201cTemos que festejar esta conquista para o estado do Rio, que estar\u00e1 gerando emprego e renda, ampliando a movimenta\u00e7\u00e3o portu\u00e1ria e diversificando sua atua\u00e7\u00e3o.&#8221;<\/p>\n<p>Fonte: Exame<\/p>\n","protected":false},"excerpt":{"rendered":"<p>O estado do Rio de Janeiro\u00a0ter\u00e1 um novo terminal portu\u00e1rio no Porto do A\u00e7u, em S\u00e3o Jo\u00e3o da Barra, no norte fluminense. A obra receber\u00e1&#8230;<\/p>\n","protected":false},"author":1182,"featured_media":18239,"comment_status":"closed","ping_status":"closed","sticky":false,"template":"","format":"standard","meta":{"footnotes":""},"categories":[6],"tags":[],"class_list":["post-18238","post","type-post","status-publish","format-standard","has-post-thumbnail","hentry","category-noticias"],"_links":{"self":[{"href":"https:\/\/www.sincomam.org.br\/index.php\/wp-json\/wp\/v2\/posts\/18238","targetHints":{"allow":["GET"]}}],"collection":[{"href":"https:\/\/www.sincomam.org.br\/index.php\/wp-json\/wp\/v2\/posts"}],"about":[{"href":"https:\/\/www.sincomam.org.br\/index.php\/wp-json\/wp\/v2\/types\/post"}],"author":[{"embeddable":true,"href":"https:\/\/www.sincomam.org.br\/index.php\/wp-json\/wp\/v2\/users\/1182"}],"replies":[{"embeddable":true,"href":"https:\/\/www.sincomam.org.br\/index.php\/wp-json\/wp\/v2\/comments?post=18238"}],"version-history":[{"count":1,"href":"https:\/\/www.sincomam.org.br\/index.php\/wp-json\/wp\/v2\/posts\/18238\/revisions"}],"predecessor-version":[{"id":18240,"href":"https:\/\/www.sincomam.org.br\/index.php\/wp-json\/wp\/v2\/posts\/18238\/revisions\/18240"}],"wp:featuredmedia":[{"embeddable":true,"href":"https:\/\/www.sincomam.org.br\/index.php\/wp-json\/wp\/v2\/media\/18239"}],"wp:attachment":[{"href":"https:\/\/www.sincomam.org.br\/index.php\/wp-json\/wp\/v2\/media?parent=18238"}],"wp:term":[{"taxonomy":"category","embeddable":true,"href":"https:\/\/www.sincomam.org.br\/index.php\/wp-json\/wp\/v2\/categories?post=18238"},{"taxonomy":"post_tag","embeddable":true,"href":"https:\/\/www.sincomam.org.br\/index.php\/wp-json\/wp\/v2\/tags?post=18238"}],"curies":[{"name":"wp","href":"https:\/\/api.w.org\/{rel}","templated":true}]}}