{"id":18236,"date":"2016-02-16T08:31:28","date_gmt":"2016-02-16T10:31:28","guid":{"rendered":"http:\/\/www.sincomam.org.br\/?p=18236"},"modified":"2016-02-16T08:31:28","modified_gmt":"2016-02-16T10:31:28","slug":"dilma-defende-cpmf-e-diz-que-vai-propor-reforma-fiscal","status":"publish","type":"post","link":"https:\/\/www.sincomam.org.br\/index.php\/dilma-defende-cpmf-e-diz-que-vai-propor-reforma-fiscal\/","title":{"rendered":"Dilma defende CPMF e diz que vai propor reforma fiscal"},"content":{"rendered":"<p>Na primeira reuni\u00e3o que teve em 2016 com l\u00edderes da base aliada do Senado, a presidente\u00a0Dilma Rousseff\u00a0fez uma defesa enf\u00e1tica da aprova\u00e7\u00e3o da CPMF\u00a0e afirmou que, em breve, o governo enviar\u00e1 ao Congresso uma proposta de reforma fiscal.<\/p>\n<p>Dilma disse que \u00e9 preciso manter os cortes das despesas\u00a0este ano, mas pediu apoios dos l\u00edderes para aprovar a volta do imposto do cheque porque n\u00e3o h\u00e1 muito espa\u00e7o para novos congelamento de verbas no or\u00e7amento.<\/p>\n<div id=\"tt-wrapper5012d3a\" class=\"tt-wrapper inread \">\n<div id=\"tt-mention5012d3a\" class=\"tt-mention inread \">Conforme relatos de participantes ao Broadcast Pol\u00edtico, a petista disse que, s\u00f3 com a CPMF, ser\u00e1 poss\u00edvel fazer investimentos m\u00ednimos para retomar o crescimento do Pa\u00eds.<\/div>\n<\/div>\n<p>Na conversa no Pal\u00e1cio do Planalto, ela chegou a sugerir a eleva\u00e7\u00e3o da al\u00edquota de 0,2%, prevista na proposta de emenda constitucional enviada pelo Executivo e que se encontra na C\u00e2mara, para 0,38% a fim de contemplar os estados e munic\u00edpios.<\/p>\n<p>Dilma pediu aos l\u00edderes da base para n\u00e3o votar logo em plen\u00e1rio o projeto do senador Jos\u00e9 Serra (PSDB-SP) que trata do limite global de endividamento da Uni\u00e3o. A proposta consta como o terceiro item da pauta do Senado desta ter\u00e7a-feira.<\/p>\n<p>Ela disse que o governo encaminhar\u00e1 uma proposta de reforma fiscal ao Legislativo que dever\u00e1 discutir essa e outras quest\u00f5es &#8211; o ministro da Fazenda, Nelson Barbosa, que tem trabalhado nessa reforma, participou da reuni\u00e3o.<\/p>\n<p>Sem ser assertiva sobre o m\u00e9rito do projeto, a presidente tamb\u00e9m se colocou favor\u00e1vel ao menos discutir outra proposta de Serra, a que desobriga a Petrobras de ser a operadora \u00fanica na explora\u00e7\u00e3o da camada do pr\u00e9-sal.<\/p>\n<p>A petista fez at\u00e9 uma avalia\u00e7\u00e3o t\u00e9cnica do processo ao exemplificar que, se houver dois blocos de opera\u00e7\u00e3o, um maior e outro menor, a estatal poderia ficar com o primeiro e uma parceira com um segundo. Ela ressalvou, entretanto, acreditar que n\u00e3o v\u00e3o faltar recursos para explora\u00e7\u00e3o dessa camada petrol\u00edfera.<\/p>\n<p class=\"subtituloMedio\">Jogos de azar<\/p>\n<p>Sem dar detalhes, Dilma elencou o projeto de legalizar os jogos de azar no Pa\u00eds, do senador Ciro Nogueira (PI), presidente do PP, como o &#8220;melhor&#8221; em discuss\u00e3o no Legislativo.<\/p>\n<p>Mas avaliou que caber\u00e1 ao Congresso debater a proposta. No momento de forte queda de arrecada\u00e7\u00e3o, o projeto de Ciro &#8211; que ser\u00e1 discutido pelo plen\u00e1rio do Senado &#8211; poderia refor\u00e7ar em pelo menos R$ 15 bilh\u00f5es os cofres do governo em impostos.<\/p>\n<p>A avalia\u00e7\u00e3o dos presentes \u00e9 que Dilma teve uma postura bem diferente de encontros anteriores. Na reuni\u00e3o, a presidente mais ouviu do que falou e ainda disse que vai procurar representantes da oposi\u00e7\u00e3o a fim de encontrar sa\u00eddas para a crise.<\/p>\n<p>Ela chegou a citar nominalmente o senador e empres\u00e1rio Tasso Jereissati (PSDB-CE). Segundo relatos, n\u00e3o se falou de impeachment e das acusa\u00e7\u00f5es que envolvem o ex-presidente Luiz In\u00e1cio Lula da Silva. &#8220;Foi uma reuni\u00e3o produtiva&#8221;, disse um presente, reservadamente.<\/p>\n<p>Para a l\u00edder do PCdoB, senadora Vanessa Grazziotin (AM), a postura da presidente foi bastante &#8220;descontra\u00edda&#8221;. &#8220;Ela estava informal, queria ouvir. N\u00f3s falamos muito mais do que ela&#8221;, afirmou. &#8220;A Dilma est\u00e1 confiante na harmonia da base&#8221;, disse o l\u00edder do PR no Senado, Wellington Fagundes (MT).<\/p>\n<p>Tamb\u00e9m participaram do encontro o ministro da Secretaria de Governo, Ricardo Berzoini, e os l\u00edderes do PMDB, Eun\u00edcio Oliveira (CE), do PTB, Douglas Cintra (PE) do PT, Humberto Costa(PE) do governo no Congresso, senador Jos\u00e9 Pimentel (PT-CE), do PDT, Acir Gurgacz (RO), do PP, Benedito de Lira (AL), e os vice-l\u00edderes do governo no Senado, Paulo Rocha (PT-PA) e H\u00e9lio Jos\u00e9 (PMB-DF).<\/p>\n<p>Fonte: Exame<\/p>\n","protected":false},"excerpt":{"rendered":"<p>Na primeira reuni\u00e3o que teve em 2016 com l\u00edderes da base aliada do Senado, a presidente\u00a0Dilma Rousseff\u00a0fez uma defesa enf\u00e1tica da aprova\u00e7\u00e3o da CPMF\u00a0e afirmou&#8230;<\/p>\n","protected":false},"author":1182,"featured_media":18128,"comment_status":"closed","ping_status":"closed","sticky":false,"template":"","format":"standard","meta":{"footnotes":""},"categories":[6],"tags":[],"class_list":["post-18236","post","type-post","status-publish","format-standard","has-post-thumbnail","hentry","category-noticias"],"_links":{"self":[{"href":"https:\/\/www.sincomam.org.br\/index.php\/wp-json\/wp\/v2\/posts\/18236","targetHints":{"allow":["GET"]}}],"collection":[{"href":"https:\/\/www.sincomam.org.br\/index.php\/wp-json\/wp\/v2\/posts"}],"about":[{"href":"https:\/\/www.sincomam.org.br\/index.php\/wp-json\/wp\/v2\/types\/post"}],"author":[{"embeddable":true,"href":"https:\/\/www.sincomam.org.br\/index.php\/wp-json\/wp\/v2\/users\/1182"}],"replies":[{"embeddable":true,"href":"https:\/\/www.sincomam.org.br\/index.php\/wp-json\/wp\/v2\/comments?post=18236"}],"version-history":[{"count":1,"href":"https:\/\/www.sincomam.org.br\/index.php\/wp-json\/wp\/v2\/posts\/18236\/revisions"}],"predecessor-version":[{"id":18237,"href":"https:\/\/www.sincomam.org.br\/index.php\/wp-json\/wp\/v2\/posts\/18236\/revisions\/18237"}],"wp:featuredmedia":[{"embeddable":true,"href":"https:\/\/www.sincomam.org.br\/index.php\/wp-json\/wp\/v2\/media\/18128"}],"wp:attachment":[{"href":"https:\/\/www.sincomam.org.br\/index.php\/wp-json\/wp\/v2\/media?parent=18236"}],"wp:term":[{"taxonomy":"category","embeddable":true,"href":"https:\/\/www.sincomam.org.br\/index.php\/wp-json\/wp\/v2\/categories?post=18236"},{"taxonomy":"post_tag","embeddable":true,"href":"https:\/\/www.sincomam.org.br\/index.php\/wp-json\/wp\/v2\/tags?post=18236"}],"curies":[{"name":"wp","href":"https:\/\/api.w.org\/{rel}","templated":true}]}}