{"id":18234,"date":"2016-02-16T08:29:56","date_gmt":"2016-02-16T10:29:56","guid":{"rendered":"http:\/\/www.sincomam.org.br\/?p=18234"},"modified":"2016-02-16T08:29:56","modified_gmt":"2016-02-16T10:29:56","slug":"zika-pode-ter-relacao-com-outras-complicacoes-congenitas","status":"publish","type":"post","link":"https:\/\/www.sincomam.org.br\/index.php\/zika-pode-ter-relacao-com-outras-complicacoes-congenitas\/","title":{"rendered":"Zika pode ter rela\u00e7\u00e3o com outras complica\u00e7\u00f5es cong\u00eanitas"},"content":{"rendered":"<div data-template-placeholder=\"content-placeholder\">\n<p>O v\u00edrus zika<strong>\u00a0<\/strong>pode estar associado a outras altera\u00e7\u00f5es cong\u00eanitas, al\u00e9m da microcefalia.<\/p>\n<p>\u00c9 o que aponta mais um estudo feito por pesquisadores da Universidade Federal do Rio de Janeiro (UFRJ), da Funda\u00e7\u00e3o Oswaldo Cruz (Fiocruz) e do Instituto de\u00a0Pesquisa<strong>\u00a0<\/strong>Professor Joaquim Amorim Neto, Ipesq, na Para\u00edba.<\/p>\n<p>Em coletiva de imprensa no campus do Fund\u00e3o da UFRJ, na zona norte, os pesquisadores da institui\u00e7\u00e3o, Amilcar Tanuri e Rodrigo Brindeiro, explicaram que ao analisar o l\u00edquido amni\u00f3tico e tecidos cerebrais de beb\u00eas, foi encontrada uma s\u00e9rie de outros problemas no c\u00e9rebro e em outros \u00f3rg\u00e3os do beb\u00ea, incluindo les\u00f5es oculares.<\/p>\n<p>Os beb\u00eas foram acompanhados em Campina Grande (PA). As amostras analisadas em laborat\u00f3rios da UFRJ e da Fiocruz.<\/p>\n<p>Dos oito fetos acompanhados durante a gesta\u00e7\u00e3o, dois tinham o v\u00edrus no tecido cerebral e acabaram morrendo 48h depois do parto. Um deles n\u00e3o tinha microcefalia, mas o tecido cerebral estava severamente comprometido.<\/p>\n<p>Todos os beb\u00eas que sobreviveram tinham microcefalia e em dois deles foram encontrados zika. O sangue dos outros quatro ainda ser\u00e3o analisados.<\/p>\n<p>&#8220;A novidade da an\u00e1lise \u00e9 que a infec\u00e7\u00e3o do v\u00edrus zika no c\u00e9rebro pode ter uma gama de altera\u00e7\u00f5es, desde implica\u00e7\u00f5es simples a altera\u00e7\u00f5es graves, como as les\u00f5es destrutivas que causaram a morte dos dois beb\u00eas&#8221;, disse Tanuri, que \u00e9 especialista em gen\u00e9tica de v\u00edrus.<\/p>\n<p>&#8220;Estamos tentando sistematizar uma s\u00edndrome cong\u00eanita do zika e tentar ajudar os colegas a identific\u00e1-la em outros casos&#8221;, afirmou.<\/p>\n<p>Eles ressaltaram que os n\u00fameros de casos s\u00e3o muito pequenos e que h\u00e1 muito ainda a ser estudado, para que seja poss\u00edvel garantir causa e efeito entre zika e microcefalia.<\/p>\n<p>&#8220;Na hist\u00f3ria da medicina, todas essas doen\u00e7as cong\u00eanitas demoraram um longo tempo para serem desvendadas&#8221;, comentou Tanuri. Ele disse que, at\u00e9 o momento, a estimativa \u00e9 que haja de dois a cinco beb\u00eas com microcelafalia a cada 100 gr\u00e1vidas infectadas com zika.<\/p>\n<p>Para os pesquisadores, o estudo \u00e9 importante para lan\u00e7ar luz sobre o problema para pesquisadores no Brasil e pelo mundo. &#8220;Precisamos formar um padr\u00e3o. O pr\u00f3ximo passo ser\u00e1 estudar como o zika agride o tecido cerebral.&#8221;<\/p>\n<p>Outra descoberta foi que todos os v\u00edrus que circulam na Am\u00e9rica Latina s\u00e3o id\u00eanticos, com base no sequenciamento do genoma do zika a partir do l\u00edquido amni\u00f3tico de um feto.<\/p>\n<p>&#8220;\u00c9 mais uma pecinha que se encaixa nesse quebra-cabe\u00e7a, para indentificarmos ou n\u00e3o a causalidade do v\u00edrus no c\u00e9rebro&#8221;, disse Brindeiro.<\/p>\n<p>Um fato que surpreendeu os pesquisadores foi a constata\u00e7\u00e3o da perman\u00eancia do v\u00edrus durante toda a gesta\u00e7\u00e3o nos dois beb\u00eas que acabaram morrendo ap\u00f3s o parto.<\/p>\n<p>&#8220;O v\u00edrus permaneceu no beb\u00ea, agredindo o sistema nervoso da crian\u00e7a. Isso foi bem impressionante&#8221;, relatou Tanuri.<\/p>\n<p>Os pesquisadores lamentaram a falta de recursos para tocar os estudos.&#8221;Estamos fazendo um sacrif\u00edcio sobre-humano, as verbas est\u00e3o cada vez mais curtas e essa epidemia bateu no Brasil em uma hora muito ruim&#8221;, destacou o virologista.<\/p>\n<div>Fonte: Globo.com<\/div>\n<\/div>\n","protected":false},"excerpt":{"rendered":"<p>O v\u00edrus zika\u00a0pode estar associado a outras altera\u00e7\u00f5es cong\u00eanitas, al\u00e9m da microcefalia. \u00c9 o que aponta mais um estudo feito por pesquisadores da Universidade Federal&#8230;<\/p>\n","protected":false},"author":1182,"featured_media":18185,"comment_status":"closed","ping_status":"closed","sticky":false,"template":"","format":"standard","meta":{"footnotes":""},"categories":[6],"tags":[],"class_list":["post-18234","post","type-post","status-publish","format-standard","has-post-thumbnail","hentry","category-noticias"],"_links":{"self":[{"href":"https:\/\/www.sincomam.org.br\/index.php\/wp-json\/wp\/v2\/posts\/18234","targetHints":{"allow":["GET"]}}],"collection":[{"href":"https:\/\/www.sincomam.org.br\/index.php\/wp-json\/wp\/v2\/posts"}],"about":[{"href":"https:\/\/www.sincomam.org.br\/index.php\/wp-json\/wp\/v2\/types\/post"}],"author":[{"embeddable":true,"href":"https:\/\/www.sincomam.org.br\/index.php\/wp-json\/wp\/v2\/users\/1182"}],"replies":[{"embeddable":true,"href":"https:\/\/www.sincomam.org.br\/index.php\/wp-json\/wp\/v2\/comments?post=18234"}],"version-history":[{"count":1,"href":"https:\/\/www.sincomam.org.br\/index.php\/wp-json\/wp\/v2\/posts\/18234\/revisions"}],"predecessor-version":[{"id":18235,"href":"https:\/\/www.sincomam.org.br\/index.php\/wp-json\/wp\/v2\/posts\/18234\/revisions\/18235"}],"wp:featuredmedia":[{"embeddable":true,"href":"https:\/\/www.sincomam.org.br\/index.php\/wp-json\/wp\/v2\/media\/18185"}],"wp:attachment":[{"href":"https:\/\/www.sincomam.org.br\/index.php\/wp-json\/wp\/v2\/media?parent=18234"}],"wp:term":[{"taxonomy":"category","embeddable":true,"href":"https:\/\/www.sincomam.org.br\/index.php\/wp-json\/wp\/v2\/categories?post=18234"},{"taxonomy":"post_tag","embeddable":true,"href":"https:\/\/www.sincomam.org.br\/index.php\/wp-json\/wp\/v2\/tags?post=18234"}],"curies":[{"name":"wp","href":"https:\/\/api.w.org\/{rel}","templated":true}]}}