{"id":18223,"date":"2016-02-15T01:01:06","date_gmt":"2016-02-15T03:01:06","guid":{"rendered":"http:\/\/www.sincomam.org.br\/?p=18223"},"modified":"2016-02-14T18:16:08","modified_gmt":"2016-02-14T20:16:08","slug":"governo-deixa-reforma-trabalhista-de-lado-para-priorizar-previdencia","status":"publish","type":"post","link":"https:\/\/www.sincomam.org.br\/index.php\/governo-deixa-reforma-trabalhista-de-lado-para-priorizar-previdencia\/","title":{"rendered":"Governo deixa reforma trabalhista de lado para priorizar Previd\u00eancia"},"content":{"rendered":"<p>Sob o argumento de que n\u00e3o d\u00e1 para comprar mais de uma briga ao mesmo tempo, o governo Dilma Rousseff desistiu de propor, neste momento, uma reforma trabalhista e vai focar suas &#8220;energias&#8221; na da Previd\u00eancia.<\/p>\n<p>A equipe da presidente diz que o tema n\u00e3o ser\u00e1 abandonado, mas considera que, neste momento de desemprego alto, seria imposs\u00edvel aprovar mudan\u00e7as na legisla\u00e7\u00e3o trabalhista que dessem mais for\u00e7a para a negocia\u00e7\u00e3o direta entre patr\u00f5es e empregados.<\/p>\n<p>Assim que foi escolhido, no fim de 2015, o novo ministro da Fazenda, Nelson Barbosa, elegeu entre as prioridades buscar duas reformas: a da Previd\u00eancia e a trabalhista.<\/p>\n<p>A ideia foi encampada pelo Planalto, que tamb\u00e9m passou a defender a proposta de que acordos coletivos entre trabalhador e patr\u00e3o poderiam prevalecer sobre a legisla\u00e7\u00e3o como forma de dar mais competitividade \u00e0 economia.<\/p>\n<p>Inicialmente, o governo queria negociar as duas reformas na primeira reuni\u00e3o deste ano do F\u00f3rum Nacional de Previd\u00eancia e Trabalho, composto por empres\u00e1rios e trabalhadores, que acontecer\u00e1 nesta quarta-feira (17).<\/p>\n<p>A equipe de Dilma acreditava at\u00e9 que teria o apoio de algumas centrais sindicais, que j\u00e1 defenderam a medida no passado, mas foi avisada de que a crise, com desemprego em alta, impossibilita negocia\u00e7\u00f5es nessa \u00e1rea.<\/p>\n<p><b>FRUSTRA\u00c7\u00c3O<\/b><\/p>\n<p>A decis\u00e3o frustra o empresariado, que comemorara o an\u00fancio do ministro Nelson Barbosa de, enfim, priorizar a reforma trabalhista.<\/p>\n<p>Dentro da equipe econ\u00f4mica, o discurso \u00e9 semelhante ao do Pal\u00e1cio do Planalto: n\u00e3o h\u00e1 clima para negociar as duas reformas e, se insistir, o governo corre o risco de ficar sem nenhuma delas. Da\u00ed a decis\u00e3o de priorizar a da Previd\u00eancia, considerada essencial para sinalizar compromisso com o equil\u00edbrio das contas p\u00fablicas no m\u00e9dio e longo prazos.<\/p>\n<p>O problema do governo \u00e9 que at\u00e9 a da Previd\u00eancia, defendida por Dilma, conta com resist\u00eancias na Esplanada dos Minist\u00e9rios. O ministro Miguel Rossetto (Trabalho e Previd\u00eancia) deixou claro que o assunto n\u00e3o pode ser discutido com pressa nem urg\u00eancia, como defende o Minist\u00e9rio da Fazenda, preferindo uma negocia\u00e7\u00e3o mais lenta.<\/p>\n<p>Rossetto deixou isso claro em nota divulgada na semana passada, ao afirmar que, por enquanto, o f\u00f3rum vai tratar de estudos e reflex\u00f5es sobre a Previd\u00eancia Social.<\/p>\n<p><b>ENTRAVES NA BASE<\/b><\/p>\n<p>No Congresso, o governo ter\u00e1 tamb\u00e9m dificuldades em conseguir apoio do pr\u00f3prio PT, contr\u00e1rio \u00e0 proposta, al\u00e9m de outras legendas, como PC do B, PTB e PDT.<\/p>\n<p>A proposta que a Fazenda ir\u00e1 apresentar a trabalhadores e empres\u00e1rios no f\u00f3rum, na quarta-feira, prev\u00ea um processo de unifica\u00e7\u00e3o dos regimes de Previd\u00eancia no pa\u00eds a partir de 2027.<\/p>\n<p>Neste ano, termina a eleva\u00e7\u00e3o gradual da f\u00f3rmula 85\/95 at\u00e9 atingir 90\/100 \u2014soma de idade e tempo de contribui\u00e7\u00e3o para mulheres e homens se aposentarem com benef\u00edcio mais elevado.<\/p>\n<p>Em um dos cen\u00e1rios, a unifica\u00e7\u00e3o das regras de aposentadoria \u2014mesma idade para homens e mulheres, de trabalhadores rurais e urbanos e de servidores p\u00fablicos e empregados do setor privado\u2014 seria conclu\u00edda em 2040.<\/p>\n<p>Ou seja, seria criado um per\u00edodo de transi\u00e7\u00e3o, durante o qual as regras come\u00e7ariam um processo de unifica\u00e7\u00e3o. O que significa que homens e mulheres se aposentariam com a mesma idade ao final da fase de transi\u00e7\u00e3o.<\/p>\n<p>Entre as propostas, o governo quer j\u00e1 estabelecer uma idade m\u00ednima a partir de 2027, mas ela conviveria como crit\u00e9rio de aposentadoria com a f\u00f3rmula 85\/95 at\u00e9 que as regras da Previd\u00eancia fossem totalmente unificadas.<\/p>\n<p><b>A ESCOLHA DE DILMA<\/b><br \/>S\u00f3 uma reforma vive<\/p>\n<p><b>1) O que poderia mudar nas rela\u00e7\u00f5es trabalhistas?<\/b><br \/>A proposta era que acordos coletivos entre trabalhadores e patr\u00f5es pudessem prevalecer sobre a legisla\u00e7\u00e3o<\/p>\n<p><b>2) Qual era o objetivo?<\/b><br \/>A ideia foi apresentada como uma das prioridades do novo ministro da Fazenda, Nelson Barbosa, como forma de dar mais competitividade \u00e0 economia do pa\u00eds<\/p>\n<p><b>3) Como seria conduzida?<\/b><br \/>O governo pretendia negociar as mudan\u00e7as na primeira reuni\u00e3o deste ano do F\u00f3rum Nacional de Previd\u00eancia e Trabalho, composto por empres\u00e1rios e trabalhadores, que acontecer\u00e1 nesta quarta (17)<\/p>\n<p><b>4) Por que o governo mudou de ideia?<\/b><br \/>Embora algumas centrais sindicais j\u00e1 tenham defendido a medida no passado, a crise econ\u00f4mica, com desemprego em alta, praticamente impossibilita qualquer negocia\u00e7\u00e3o nessa \u00e1rea<\/p>\n<p><b>5) Qual a nova estrat\u00e9gia da equipe econ\u00f4mica?<\/b><br \/>Priorizar a reforma da Previd\u00eancia, considerada essencial para sinalizar compromisso com o equil\u00edbrio das contas p\u00fablicas no m\u00e9dio e longo prazos<\/p>\n<p><b>6) Mudar a Previd\u00eancia ser\u00e1 mais f\u00e1cil?<\/b><br \/>A reforma \u00e9 defendida pela presidente, mas conta com resist\u00eancias no governo. O ministro Miguel Rossetto (Trabalho e Previd\u00eancia) afirma que n\u00e3o deve haver pressa, como defende a Fazenda<\/p>\n<p>Fonte: Folha de S\u00e3o Paulo<\/p>\n","protected":false},"excerpt":{"rendered":"<p>Sob o argumento de que n\u00e3o d\u00e1 para comprar mais de uma briga ao mesmo tempo, o governo Dilma Rousseff desistiu de propor, neste momento,&#8230;<\/p>\n","protected":false},"author":1182,"featured_media":18128,"comment_status":"closed","ping_status":"closed","sticky":false,"template":"","format":"standard","meta":{"footnotes":""},"categories":[6],"tags":[],"class_list":["post-18223","post","type-post","status-publish","format-standard","has-post-thumbnail","hentry","category-noticias"],"_links":{"self":[{"href":"https:\/\/www.sincomam.org.br\/index.php\/wp-json\/wp\/v2\/posts\/18223","targetHints":{"allow":["GET"]}}],"collection":[{"href":"https:\/\/www.sincomam.org.br\/index.php\/wp-json\/wp\/v2\/posts"}],"about":[{"href":"https:\/\/www.sincomam.org.br\/index.php\/wp-json\/wp\/v2\/types\/post"}],"author":[{"embeddable":true,"href":"https:\/\/www.sincomam.org.br\/index.php\/wp-json\/wp\/v2\/users\/1182"}],"replies":[{"embeddable":true,"href":"https:\/\/www.sincomam.org.br\/index.php\/wp-json\/wp\/v2\/comments?post=18223"}],"version-history":[{"count":1,"href":"https:\/\/www.sincomam.org.br\/index.php\/wp-json\/wp\/v2\/posts\/18223\/revisions"}],"predecessor-version":[{"id":18224,"href":"https:\/\/www.sincomam.org.br\/index.php\/wp-json\/wp\/v2\/posts\/18223\/revisions\/18224"}],"wp:featuredmedia":[{"embeddable":true,"href":"https:\/\/www.sincomam.org.br\/index.php\/wp-json\/wp\/v2\/media\/18128"}],"wp:attachment":[{"href":"https:\/\/www.sincomam.org.br\/index.php\/wp-json\/wp\/v2\/media?parent=18223"}],"wp:term":[{"taxonomy":"category","embeddable":true,"href":"https:\/\/www.sincomam.org.br\/index.php\/wp-json\/wp\/v2\/categories?post=18223"},{"taxonomy":"post_tag","embeddable":true,"href":"https:\/\/www.sincomam.org.br\/index.php\/wp-json\/wp\/v2\/tags?post=18223"}],"curies":[{"name":"wp","href":"https:\/\/api.w.org\/{rel}","templated":true}]}}