{"id":18211,"date":"2016-02-15T00:50:02","date_gmt":"2016-02-15T02:50:02","guid":{"rendered":"http:\/\/www.sincomam.org.br\/?p=18211"},"modified":"2016-02-14T17:57:15","modified_gmt":"2016-02-14T19:57:15","slug":"congresso-tem-processos-contra-deputados-e-contas-em-pauta","status":"publish","type":"post","link":"https:\/\/www.sincomam.org.br\/index.php\/congresso-tem-processos-contra-deputados-e-contas-em-pauta\/","title":{"rendered":"Congresso tem processos contra deputados e contas em pauta"},"content":{"rendered":"<p>Ap\u00f3s mais de uma semana com os corredores completamente vazios por causa do carnaval, deputados e senadores retomam as atividades nesta testa ter\u00e7a-feira (16). A volta ao trabalho dos parlamentares deve ser marcada pelos debates em torno dos processos de cassa\u00e7\u00e3o do presidente da\u00a0C\u00e2mara, Eduardo Cunha(PMDB-RJ), e do senador Delc\u00eddio do Amaral (PT-MS).<\/p>\n<p>O senador, preso na Opera\u00e7\u00e3o Lava Jato, tem at\u00e9 a pr\u00f3xima quinta-feira (18) para apresentar defesa ao Conselho de \u00c9tica e convencer os colegas de que n\u00e3o quebrou o decoro parlamentar ao oferecer dinheiro e sugerir uma rota de fuga para livrar o ex-diretor da Petrobras Nestor Cerver\u00f3 da pris\u00e3o.<\/p>\n<p>O Conselho de \u00c9tica da C\u00e2mara voltar\u00e1 a analisar o parecer do deputado Marcos Rog\u00e9rio (PDT-RO) pela continuidade das investiga\u00e7\u00f5es contra o presidente da Casa. A vota\u00e7\u00e3o desse relat\u00f3rio, em dezembro, foi anulada pelo vice-presidente da C\u00e2mara, Waldir Maranh\u00e3o (PP-MA), a pedido de Carlos Marun (PMDB-MS), ambos aliados de Cunha.<\/p>\n<p>Outro assunto que tamb\u00e9m estar\u00e1 sob os holofotes \u00e9 o relat\u00f3rio do senador Acir Gurgacz (PDT-RO) com parecer contr\u00e1rio ao entendimento do Tribunal de Contas da Uni\u00e3o (TCU) que recomendou a rejei\u00e7\u00e3o das contas do governo de 2014. Apresentado no final de dezembro, o relat\u00f3rio defende a aprova\u00e7\u00e3o, com ressalvas, das contas da presidenta Dilma. A expectativa \u00e9 que o relat\u00f3rio seja votado at\u00e9 6 de mar\u00e7o.<\/p>\n<p>Na primeira semana de trabalho, antes do carnaval, produ\u00e7\u00e3o dos parlamentares foi pequena. A C\u00e2mara aprovou uma medida provis\u00f3ria (MP), a 692\/15, que aumenta o Imposto de Renda dos contribuintes que tiveram ganhos com venda de im\u00f3veis, ve\u00edculos, a\u00e7\u00f5es e outros bens. O texto, parte do ajuste fiscal, ainda precisa da aprova\u00e7\u00e3o dos senadores.<\/p>\n<p>No Senado apenas o Estatuto da Primeira Inf\u00e2ncia foi aprovado. O texto, que aguarda san\u00e7\u00e3o da presidenta Dilma Rousseff, tem como principal novidade a amplia\u00e7\u00e3o da licen\u00e7a-paternidade dos atuais cinco dias para 20 dias.<\/p>\n<p>Fonte: Estado de S\u00e3o Paulo<\/p>\n","protected":false},"excerpt":{"rendered":"<p>Ap\u00f3s mais de uma semana com os corredores completamente vazios por causa do carnaval, deputados e senadores retomam as atividades nesta testa ter\u00e7a-feira (16). A&#8230;<\/p>\n","protected":false},"author":1182,"featured_media":18212,"comment_status":"closed","ping_status":"closed","sticky":false,"template":"","format":"standard","meta":{"footnotes":""},"categories":[6],"tags":[],"class_list":["post-18211","post","type-post","status-publish","format-standard","has-post-thumbnail","hentry","category-noticias"],"_links":{"self":[{"href":"https:\/\/www.sincomam.org.br\/index.php\/wp-json\/wp\/v2\/posts\/18211","targetHints":{"allow":["GET"]}}],"collection":[{"href":"https:\/\/www.sincomam.org.br\/index.php\/wp-json\/wp\/v2\/posts"}],"about":[{"href":"https:\/\/www.sincomam.org.br\/index.php\/wp-json\/wp\/v2\/types\/post"}],"author":[{"embeddable":true,"href":"https:\/\/www.sincomam.org.br\/index.php\/wp-json\/wp\/v2\/users\/1182"}],"replies":[{"embeddable":true,"href":"https:\/\/www.sincomam.org.br\/index.php\/wp-json\/wp\/v2\/comments?post=18211"}],"version-history":[{"count":1,"href":"https:\/\/www.sincomam.org.br\/index.php\/wp-json\/wp\/v2\/posts\/18211\/revisions"}],"predecessor-version":[{"id":18213,"href":"https:\/\/www.sincomam.org.br\/index.php\/wp-json\/wp\/v2\/posts\/18211\/revisions\/18213"}],"wp:featuredmedia":[{"embeddable":true,"href":"https:\/\/www.sincomam.org.br\/index.php\/wp-json\/wp\/v2\/media\/18212"}],"wp:attachment":[{"href":"https:\/\/www.sincomam.org.br\/index.php\/wp-json\/wp\/v2\/media?parent=18211"}],"wp:term":[{"taxonomy":"category","embeddable":true,"href":"https:\/\/www.sincomam.org.br\/index.php\/wp-json\/wp\/v2\/categories?post=18211"},{"taxonomy":"post_tag","embeddable":true,"href":"https:\/\/www.sincomam.org.br\/index.php\/wp-json\/wp\/v2\/tags?post=18211"}],"curies":[{"name":"wp","href":"https:\/\/api.w.org\/{rel}","templated":true}]}}