{"id":18181,"date":"2016-02-12T08:22:21","date_gmt":"2016-02-12T10:22:21","guid":{"rendered":"http:\/\/www.sincomam.org.br\/?p=18181"},"modified":"2016-02-12T08:22:21","modified_gmt":"2016-02-12T10:22:21","slug":"lava-jato-ve-indicio-de-repasse-da-odebrecht-a-marqueteiro-ligado-ao-pt","status":"publish","type":"post","link":"https:\/\/www.sincomam.org.br\/index.php\/lava-jato-ve-indicio-de-repasse-da-odebrecht-a-marqueteiro-ligado-ao-pt\/","title":{"rendered":"Lava Jato v\u00ea ind\u00edcio de repasse da Odebrecht a marqueteiro ligado ao PT"},"content":{"rendered":"<p>A for\u00e7a-tarefa da Opera\u00e7\u00e3o Lava Jato investiga pagamentos atribu\u00eddos a subsidi\u00e1rias da Odebrecht em contas, no exterior, controladas pelo marqueteiro Jo\u00e3o Santana, respons\u00e1vel por campanhas do PT e da presidente Dilma Rousseff. A apura\u00e7\u00e3o envolve as finan\u00e7as dele em diversos pa\u00edses, entre eles a Su\u00ed\u00e7a.<\/p>\n<p>O publicit\u00e1rio baiano comandou todas as campanhas presidenciais do partido desde a reelei\u00e7\u00e3o do ex-presidente Luiz In\u00e1cio Lula da Silva, em 2006. Os dados sobre a movimenta\u00e7\u00e3o financeira de Santana integram pacote de documentos enviados ao Brasil pela promotoria su\u00ed\u00e7a em acordo de coopera\u00e7\u00e3o.<\/p>\n<p>O inqu\u00e9rito que apura as finan\u00e7as do publicit\u00e1rio foi aberto em novembro do ano passado e tramita em sigilo, em Curitiba. Ele passou a ser investigado ap\u00f3s a Pol\u00edcia Federal encontrar na casa do lojista Zwi Skornicki, ligado ao estaleiro asi\u00e1tico Keppel Fels, uma carta de M\u00f4nica Moura, mulher e s\u00f3cia de Santana.<\/p>\n<p>O manuscrito indicava contas de Santana na Inglaterra e nos EUA. A informa\u00e7\u00e3o foi revelada pela revista &#8220;Veja&#8221;. Um dos focos da investiga\u00e7\u00e3o s\u00e3o valores recebidos por Santana em 2014, quando o marqueteiro fez as campanhas presidenciais de Dilma, no Brasil, e de Jos\u00e9 Domingo Arias, derrotado no Panam\u00e1 -pa\u00eds onde a Odebrecht tem diversos interesses.<\/p>\n<p>No momento\u00a0n\u00e3o \u00e9 poss\u00edvel estabelecer com certeza a origem destes pagamentos, se por servi\u00e7os prestados no Brasil ou em outro pa\u00eds.<\/p>\n<p>Nos \u00faltimos anos, o marqueteiro tem feito diversas incurs\u00f5es no exterior. Em 2012, por exemplo, respondeu pela comunica\u00e7\u00e3o das candidaturas presidenciais de Jos\u00e9 Eduardo dos Santos, em Angola, e de Danilo Medina, na Rep\u00fablica Dominicana, locais em que a construtora tamb\u00e9m tem obras.<\/p>\n<p>Oficialmente, Santana recebeu R$ 88,9 milh\u00f5es da campanha de Dilma em 2014. Outros pagamentos vinculados \u00e0 campanha, se confirmados, seriam em tese caixa 2. As informa\u00e7\u00f5es sobre a investiga\u00e7\u00e3o foram confirmadas com tr\u00eas autoridades que atuam no caso, advogados que acompanham a Lava Jato e pessoas ligadas a executivos da Odebrecht.<\/p>\n<p>A empresa, maior empreiteira do pa\u00eds, cresceu nos governos petistas e \u00e9 investigada por suspeita de corrup\u00e7\u00e3o em obras da Petrobras.<\/p>\n<p>Procurado, o advogado de Jo\u00e3o Santana, F\u00e1bio Tofic, disse que o publicit\u00e1rio desconhece qualquer apura\u00e7\u00e3o\u00a0que envolva seu nome e que, inclusive, questionou formalmente o juiz Sergio Moro, que conduz a investiga\u00e7\u00e3o em Curitiba, sobre a exist\u00eancia de um inqu\u00e9rito contra seu cliente.<\/p>\n<p>Santana n\u00e3o nega que receba dinheiro no exterior por campanhas realizadas, mas diz que tudo \u00e9 declarado.<\/p>\n<p>&#8220;Indagado h\u00e1 mais de 20 dias, o juiz n\u00e3o respondeu. Tudo leva a crer que essa investiga\u00e7\u00e3o n\u00e3o existe ou temos que admitir que h\u00e1 abuso de autoridade, j\u00e1 que ele n\u00e3o foi informado&#8221;, disse Tofic.<\/p>\n<p>O advogado acrescentou que o mesmo questionamento foi feito, dias depois, \u00e0 Pol\u00edcia Federal e que, novamente, n\u00e3o obteve resposta.<\/p>\n<p>Procurada, a Odebrecht tamb\u00e9m disse que desconhece o inqu\u00e9rito.<\/p>\n<p><b>MENSAGEM<\/b><\/p>\n<p>E-mail apreendido pela PF\u00a0no ano passado no celular do presidente da empreiteira, Marcelo Odebrecht, preso desde 2015, fazia men\u00e7\u00e3o ao &#8220;risco&#8221; da exposi\u00e7\u00e3o sobre uma &#8220;cta su\u00ed\u00e7a&#8221;. Em mensagem a um executivo da empreiteira, Marcelo escreveu: &#8220;Dizer do risco cta su\u00ed\u00e7a chegar na campanha dela&#8221;.<\/p>\n<p>Esse \u00e9 o segundo inqu\u00e9rito do qual o marqueteiro \u00e9 alvo. Em maio de 2015, foi revelado que a PF abriu investiga\u00e7\u00e3o\u00a0para apurar a suspeita de que duas de suas empresas trouxeram de Angola para o Brasil US$ 16 milh\u00f5es, em 2012, numa suposta opera\u00e7\u00e3o de lavagem de dinheiro para beneficiar o PT.<\/p>\n<p>A investiga\u00e7\u00e3o segue aberta, em segredo de Justi\u00e7a. Na \u00e9poca, Santana disse que ela partia de &#8220;premissa falsa&#8221;. &#8220;Tentar criminalizar internaliza\u00e7\u00e3o de recursos beira o rid\u00edculo&#8221;, disse, concluindo que a opera\u00e7\u00e3o fora acompanhada pelo BC, com pagamento de impostos.<\/p>\n<p>Fonte: Folha de S\u00e3o Paulo<\/p>\n","protected":false},"excerpt":{"rendered":"<p>A for\u00e7a-tarefa da Opera\u00e7\u00e3o Lava Jato investiga pagamentos atribu\u00eddos a subsidi\u00e1rias da Odebrecht em contas, no exterior, controladas pelo marqueteiro Jo\u00e3o Santana, respons\u00e1vel por campanhas&#8230;<\/p>\n","protected":false},"author":1182,"featured_media":18182,"comment_status":"closed","ping_status":"closed","sticky":false,"template":"","format":"standard","meta":{"footnotes":""},"categories":[6],"tags":[],"class_list":["post-18181","post","type-post","status-publish","format-standard","has-post-thumbnail","hentry","category-noticias"],"_links":{"self":[{"href":"https:\/\/www.sincomam.org.br\/index.php\/wp-json\/wp\/v2\/posts\/18181","targetHints":{"allow":["GET"]}}],"collection":[{"href":"https:\/\/www.sincomam.org.br\/index.php\/wp-json\/wp\/v2\/posts"}],"about":[{"href":"https:\/\/www.sincomam.org.br\/index.php\/wp-json\/wp\/v2\/types\/post"}],"author":[{"embeddable":true,"href":"https:\/\/www.sincomam.org.br\/index.php\/wp-json\/wp\/v2\/users\/1182"}],"replies":[{"embeddable":true,"href":"https:\/\/www.sincomam.org.br\/index.php\/wp-json\/wp\/v2\/comments?post=18181"}],"version-history":[{"count":1,"href":"https:\/\/www.sincomam.org.br\/index.php\/wp-json\/wp\/v2\/posts\/18181\/revisions"}],"predecessor-version":[{"id":18183,"href":"https:\/\/www.sincomam.org.br\/index.php\/wp-json\/wp\/v2\/posts\/18181\/revisions\/18183"}],"wp:featuredmedia":[{"embeddable":true,"href":"https:\/\/www.sincomam.org.br\/index.php\/wp-json\/wp\/v2\/media\/18182"}],"wp:attachment":[{"href":"https:\/\/www.sincomam.org.br\/index.php\/wp-json\/wp\/v2\/media?parent=18181"}],"wp:term":[{"taxonomy":"category","embeddable":true,"href":"https:\/\/www.sincomam.org.br\/index.php\/wp-json\/wp\/v2\/categories?post=18181"},{"taxonomy":"post_tag","embeddable":true,"href":"https:\/\/www.sincomam.org.br\/index.php\/wp-json\/wp\/v2\/tags?post=18181"}],"curies":[{"name":"wp","href":"https:\/\/api.w.org\/{rel}","templated":true}]}}